{"id":157935,"date":"2025-06-07T01:53:45","date_gmt":"2025-06-07T01:53:45","guid":{"rendered":"https:\/\/www.europesays.com\/fr\/157935\/"},"modified":"2025-06-07T01:53:45","modified_gmt":"2025-06-07T01:53:45","slug":"saint-etienne-insultes-attaques-personnelles-majorite-et-opposition-saccusent-apres-le-conseil-municipal-2","status":"publish","type":"post","link":"https:\/\/www.europesays.com\/fr\/157935\/","title":{"rendered":"Saint-\u00c9tienne. \u00ab\u00a0Insultes\u00a0\u00bb, \u00ab\u00a0attaques personnelles\u00a0\u00bb\u2026 Majorit\u00e9 et opposition s&rsquo;accusent apr\u00e8s le conseil municipal"},"content":{"rendered":"<p>C\u2019est presque devenu une habitude. Le conseil municipal de ce lundi 2\u00a0juin n\u2019a pas fait dans la dentelle.<\/p>\n<p>Pendant quasiment six heures, le ton est mont\u00e9 \u00e0 plusieurs reprises. Les piques ont fus\u00e9, les voix se sont coup\u00e9es. Au lendemain de cet apr\u00e8s-midi houleux, les trois groupes d\u2019opposition ont d\u00e9plor\u00e9, par voie de communiqu\u00e9, que \u00ab\u00a0la violence s\u2019est une nouvelle fois invit\u00e9e au conseil municipal\u00a0\u00bb.<\/p>\n<p>\u00ab\u00a0La violence verbale reste la norme\u00a0\u00bb, selon l\u2019opposition<\/p>\n<p>\u00ab\u00a0M.\u00a0Perdriau et ses derniers&#8230;<\/p>\n","protected":false},"excerpt":{"rendered":"C\u2019est presque devenu une habitude. Le conseil municipal de ce lundi 2\u00a0juin n\u2019a pas fait dans la dentelle.&hellip;\n","protected":false},"author":2,"featured_media":152951,"comment_status":"","ping_status":"","sticky":false,"template":"","format":"standard","meta":{"footnotes":""},"categories":[9653],"tags":[1111,11,2430,1984,7539,1777,674,1011,27,12,316,25,4001,7538],"class_list":{"0":"post-157935","1":"post","2":"type-post","3":"status-publish","4":"format-standard","5":"has-post-thumbnail","7":"category-saint-etienne","8":"tag-actu","9":"tag-actualites","10":"tag-auvergne-rhone-alpes","11":"tag-conseil-municipal","12":"tag-edition-loire-sud","13":"tag-eu","14":"tag-europe","15":"tag-fr","16":"tag-france","17":"tag-news","18":"tag-politique","19":"tag-republique-francaise","20":"tag-saint-etienne","21":"tag-saint-etienne-ville"},"share_on_mastodon":{"url":"https:\/\/pubeurope.com\/@fr\/114639588884500706","error":""},"_links":{"self":[{"href":"https:\/\/www.europesays.com\/fr\/wp-json\/wp\/v2\/posts\/157935","targetHints":{"allow":["GET"]}}],"collection":[{"href":"https:\/\/www.europesays.com\/fr\/wp-json\/wp\/v2\/posts"}],"about":[{"href":"https:\/\/www.europesays.com\/fr\/wp-json\/wp\/v2\/types\/post"}],"author":[{"embeddable":true,"href":"https:\/\/www.europesays.com\/fr\/wp-json\/wp\/v2\/users\/2"}],"replies":[{"embeddable":true,"href":"https:\/\/www.europesays.com\/fr\/wp-json\/wp\/v2\/comments?post=157935"}],"version-history":[{"count":0,"href":"https:\/\/www.europesays.com\/fr\/wp-json\/wp\/v2\/posts\/157935\/revisions"}],"wp:featuredmedia":[{"embeddable":true,"href":"https:\/\/www.europesays.com\/fr\/wp-json\/wp\/v2\/media\/152951"}],"wp:attachment":[{"href":"https:\/\/www.europesays.com\/fr\/wp-json\/wp\/v2\/media?parent=157935"}],"wp:term":[{"taxonomy":"category","embeddable":true,"href":"https:\/\/www.europesays.com\/fr\/wp-json\/wp\/v2\/categories?post=157935"},{"taxonomy":"post_tag","embeddable":true,"href":"https:\/\/www.europesays.com\/fr\/wp-json\/wp\/v2\/tags?post=157935"}],"curies":[{"name":"wp","href":"https:\/\/api.w.org\/{rel}","templated":true}]}}