{"id":157936,"date":"2025-06-07T01:54:16","date_gmt":"2025-06-07T01:54:16","guid":{"rendered":"https:\/\/www.europesays.com\/fr\/157936\/"},"modified":"2025-06-07T01:54:16","modified_gmt":"2025-06-07T01:54:16","slug":"gael-perdriau-sera-juge-a-lyon-en-septembre","status":"publish","type":"post","link":"https:\/\/www.europesays.com\/fr\/157936\/","title":{"rendered":"Ga\u00ebl Perdriau sera jug\u00e9 \u00e0 Lyon en septembre"},"content":{"rendered":"<p class=\"wp-block-post-excerpt__excerpt\">Le parquet de Lyon a renvoy\u00e9 le maire de Saint-\u00c9tienne, Ga\u00ebl Perdriau, devant le tribunal correctionnel, dans le cadre d\u2019une affaire de chantage \u00e0 la sextape. Le proc\u00e8s devrait se tenir fin septembre 2025, selon les d\u00e9clarations du procureur de Lyon. <\/p>\n<p class=\"font-sans\">\n\t\t\tCet article est en acc\u00e8s libre. Pour soutenir Rue89 Lyon,<br \/>\n\t\t\t<a class=\"underline\" href=\"https:\/\/www.rue89lyon.fr\/abonnement\/\" rel=\"nofollow noopener\" target=\"_blank\">abonnez-vous<\/a>.\n\t\t<\/p>\n<p>Rue89Lyon<\/p>\n<p>Publi\u00e9 le 6 juin 2025\u00a0\u00a0\u00b7\u00a0\u00a0<\/p>\n<p>Imprim\u00e9 le 7 juin 2025 \u00e0 03h12\u00a0\u00a0\u00b7\u00a0\u00a0<\/p>\n<p>Modifi\u00e9 le 6 juin 2025\u00a0\u00a0\u00b7\u00a0\u00a0<\/p>\n<p>\t\t\t\t\t1\u00a0minute\n<\/p>\n<p>Le parquet de Lyon a renvoy\u00e9 le maire de Saint-\u00c9tienne, Ga\u00ebl Perdriau, devant le tribunal correctionnel, ce vendredi 6 juin, dans le cadre d\u2019une affaire de chantage \u00e0 la sextape. L\u2019\u00e9lu sera jug\u00e9 pour \u00ab chantage, soustraction, d\u00e9tournement de fonds publics par un d\u00e9positaire de l\u2019autorit\u00e9 publique \u00bb et \u00ab participation \u00e0 une association de malfaiteurs en vue de la pr\u00e9paration d\u2019un d\u00e9lit\u00a0\u00bb. Il risque jusqu\u2019\u00e0 5 ans d\u2019emprisonnement.<\/p>\n<p>\u00c0 lire aussi sur Rue89Lyon<\/p>\n<p><a href=\"https:\/\/www.rue89lyon.fr\/2024\/10\/10\/affaire-perdriau-saint-etienne-fin-enquete-chantage-sextape\/\" rel=\"nofollow noopener\" target=\"_blank\">Chronologie de l\u2019affaire Perdriau \u00e0 Saint-\u00c9tienne : un proc\u00e8s requis pour le chantage \u00e0 la sextape<\/a><\/p>\n<p><a href=\"https:\/\/www.rue89lyon.fr\/2023\/04\/28\/affaire-perdriau-sextape-argent-public\/\" rel=\"nofollow noopener\" target=\"_blank\">Affaire Perdriau : la sextape financ\u00e9e avec de l\u2019argent public<\/a><\/p>\n<p>Sept autres personnes sont \u00e9galement renvoy\u00e9es devant le tribunal correctionnel. Parmi elles, son ancien bras droit, Pierre Gauttieri, l\u2019\u00e9lu de la majorit\u00e9 Samy K\u00e9fi-J\u00e9r\u00f4me et Gilles Rossary-Lenglet, \u00e9lu qui avait r\u00e9v\u00e9l\u00e9 toute l\u2019affaire, dont il serait partie-prenante. Le proc\u00e8s devrait avoir lieu fin septembre, selon les informations communiqu\u00e9es par Thierry Dran, procureur de Lyon, \u00ab sous r\u00e9serve d\u2019\u00e9ventuelles voies de recours \u00bb.<\/p>\n<p>\t\tNouvel \u00e9pisode d\u2019une affaire hors norme<\/p>\n<p>Cette d\u00e9cision suit les r\u00e9quisitions du parquet de Lyon, datant du 26 mars 2025. L\u2019affaire avait \u00e9t\u00e9 r\u00e9v\u00e9l\u00e9e par nos confr\u00e8res de Mediapart en ao\u00fbt 2022, dans\u00a0<a href=\"https:\/\/www.mediapart.fr\/journal\/france\/260822\/sexe-chantage-et-video-l-odieux-complot\" target=\"_blank\" rel=\"noreferrer noopener nofollow\">une enqu\u00eate intitul\u00e9e \u00ab Sexe, chantage et vid\u00e9o : l\u2019odieux complot \u00bb<\/a>.\u00a0<\/p>\n<p>\u00c0 l\u2019hiver 2014, Gilles Artigues, le premier adjoint au maire de Saint-\u00c9tienne, est film\u00e9 \u00e0 son insu en compagnie d\u2019un escort boy. Ce dernier a \u00e9t\u00e9 recrut\u00e9 sp\u00e9cialement \u00e0 cet effet par des coll\u00e8gues de Gilles Artigues, pour le faire chanter \u00e0 l\u2019aide de la vid\u00e9o de cette soir\u00e9e.<\/p>\n<p><a href=\"https:\/\/www.mediapart.fr\/journal\/france\/120922\/sextape-de-saint-etienne-des-enregistrements-du-maire-prouvent-un-chantage-mafieux\" target=\"_blank\" rel=\"noreferrer noopener nofollow\">Des enregistrements r\u00e9cup\u00e9r\u00e9s et publi\u00e9s par Mediapart<\/a>\u00a0prouvent que ce \u00ab\u00a0chantage mafieux\u00a0\u00bb a \u00e9t\u00e9 orchestr\u00e9 directement par Ga\u00ebl Perdriau, \u00e9paul\u00e9 par son directeur de cabinet, Pierre Gauttieri. Pour l\u2019heure, le maire de Saint-\u00c9tienne est toujours en poste.<\/p>\n","protected":false},"excerpt":{"rendered":"Le parquet de Lyon a renvoy\u00e9 le maire de Saint-\u00c9tienne, Ga\u00ebl Perdriau, devant le tribunal correctionnel, dans le&hellip;\n","protected":false},"author":2,"featured_media":157937,"comment_status":"","ping_status":"","sticky":false,"template":"","format":"standard","meta":{"footnotes":""},"categories":[9653],"tags":[1111,11,2430,1777,674,1011,27,12242,303,12,25,4001],"class_list":{"0":"post-157936","1":"post","2":"type-post","3":"status-publish","4":"format-standard","5":"has-post-thumbnail","7":"category-saint-etienne","8":"tag-actu","9":"tag-actualites","10":"tag-auvergne-rhone-alpes","11":"tag-eu","12":"tag-europe","13":"tag-fr","14":"tag-france","15":"tag-gael-perdriau","16":"tag-justice","17":"tag-news","18":"tag-republique-francaise","19":"tag-saint-etienne"},"share_on_mastodon":{"url":"https:\/\/pubeurope.com\/@fr\/114639592717504771","error":""},"_links":{"self":[{"href":"https:\/\/www.europesays.com\/fr\/wp-json\/wp\/v2\/posts\/157936","targetHints":{"allow":["GET"]}}],"collection":[{"href":"https:\/\/www.europesays.com\/fr\/wp-json\/wp\/v2\/posts"}],"about":[{"href":"https:\/\/www.europesays.com\/fr\/wp-json\/wp\/v2\/types\/post"}],"author":[{"embeddable":true,"href":"https:\/\/www.europesays.com\/fr\/wp-json\/wp\/v2\/users\/2"}],"replies":[{"embeddable":true,"href":"https:\/\/www.europesays.com\/fr\/wp-json\/wp\/v2\/comments?post=157936"}],"version-history":[{"count":0,"href":"https:\/\/www.europesays.com\/fr\/wp-json\/wp\/v2\/posts\/157936\/revisions"}],"wp:featuredmedia":[{"embeddable":true,"href":"https:\/\/www.europesays.com\/fr\/wp-json\/wp\/v2\/media\/157937"}],"wp:attachment":[{"href":"https:\/\/www.europesays.com\/fr\/wp-json\/wp\/v2\/media?parent=157936"}],"wp:term":[{"taxonomy":"category","embeddable":true,"href":"https:\/\/www.europesays.com\/fr\/wp-json\/wp\/v2\/categories?post=157936"},{"taxonomy":"post_tag","embeddable":true,"href":"https:\/\/www.europesays.com\/fr\/wp-json\/wp\/v2\/tags?post=157936"}],"curies":[{"name":"wp","href":"https:\/\/api.w.org\/{rel}","templated":true}]}}