{"id":157939,"date":"2025-06-07T01:56:17","date_gmt":"2025-06-07T01:56:17","guid":{"rendered":"https:\/\/www.europesays.com\/fr\/157939\/"},"modified":"2025-06-07T01:56:17","modified_gmt":"2025-06-07T01:56:17","slug":"grand-nancy-artus-sans-limite-sur-la-scene-du-zenith","status":"publish","type":"post","link":"https:\/\/www.europesays.com\/fr\/157939\/","title":{"rendered":"Grand Nancy. ARTUS sans limite sur la sc\u00e8ne du Z\u00e9nith"},"content":{"rendered":"<p>Apr\u00e8s le triomphe du film Un p\u2019tit truc en plus  (devenu le plus grand succ\u00e8s au box-office fran\u00e7ais des dix derni\u00e8res ann\u00e9es avec plus de 10\u00a0millions d\u2019entr\u00e9es enregistr\u00e9es), ARTUS continue d\u2019affirmer sa place parmi les humoristes les plus talentueux de sa g\u00e9n\u00e9ration. Avec son humour d\u00e9cal\u00e9, ses imitations et ses improvisations, il vous embarque dans un univers o\u00f9 chaque moment est une occasion de rire. \u00ab\u00a0Dans ce nouveau spectacle, ARTUS ne d\u00e9passera pas les limites, puisqu\u2019il n\u2019en a aucune\u00a0!\u00a0\u00bb<\/p>\n<p class=\"note\">Samedi 28\u00a0juin \u00e0 20\u00a0h au Nancy Open Air Z\u00e9nith de Nancy-Max\u00e9ville. R\u00e9servation en ligne<\/p>\n","protected":false},"excerpt":{"rendered":"Apr\u00e8s le triomphe du film Un p\u2019tit truc en plus (devenu le plus grand succ\u00e8s au box-office fran\u00e7ais&hellip;\n","protected":false},"author":2,"featured_media":157940,"comment_status":"","ping_status":"","sticky":false,"template":"","format":"standard","meta":{"footnotes":""},"categories":[9635],"tags":[1111,11,1687,1704,1777,674,1011,27,775,1702,1703,12,25,3140],"class_list":{"0":"post-157939","1":"post","2":"type-post","3":"status-publish","4":"format-standard","5":"has-post-thumbnail","7":"category-nancy","8":"tag-actu","9":"tag-actualites","10":"tag-culture-loisirs","11":"tag-edition-nancy-et-agglomeration","12":"tag-eu","13":"tag-europe","14":"tag-fr","15":"tag-france","16":"tag-grand-est","17":"tag-nancy","18":"tag-nancy-ville-54b","19":"tag-news","20":"tag-republique-francaise","21":"tag-spectacle"},"share_on_mastodon":{"url":"https:\/\/pubeurope.com\/@fr\/114639600578806278","error":""},"_links":{"self":[{"href":"https:\/\/www.europesays.com\/fr\/wp-json\/wp\/v2\/posts\/157939","targetHints":{"allow":["GET"]}}],"collection":[{"href":"https:\/\/www.europesays.com\/fr\/wp-json\/wp\/v2\/posts"}],"about":[{"href":"https:\/\/www.europesays.com\/fr\/wp-json\/wp\/v2\/types\/post"}],"author":[{"embeddable":true,"href":"https:\/\/www.europesays.com\/fr\/wp-json\/wp\/v2\/users\/2"}],"replies":[{"embeddable":true,"href":"https:\/\/www.europesays.com\/fr\/wp-json\/wp\/v2\/comments?post=157939"}],"version-history":[{"count":0,"href":"https:\/\/www.europesays.com\/fr\/wp-json\/wp\/v2\/posts\/157939\/revisions"}],"wp:featuredmedia":[{"embeddable":true,"href":"https:\/\/www.europesays.com\/fr\/wp-json\/wp\/v2\/media\/157940"}],"wp:attachment":[{"href":"https:\/\/www.europesays.com\/fr\/wp-json\/wp\/v2\/media?parent=157939"}],"wp:term":[{"taxonomy":"category","embeddable":true,"href":"https:\/\/www.europesays.com\/fr\/wp-json\/wp\/v2\/categories?post=157939"},{"taxonomy":"post_tag","embeddable":true,"href":"https:\/\/www.europesays.com\/fr\/wp-json\/wp\/v2\/tags?post=157939"}],"curies":[{"name":"wp","href":"https:\/\/api.w.org\/{rel}","templated":true}]}}