{"id":157953,"date":"2025-06-07T02:09:33","date_gmt":"2025-06-07T02:09:33","guid":{"rendered":"https:\/\/www.europesays.com\/fr\/157953\/"},"modified":"2025-06-07T02:09:33","modified_gmt":"2025-06-07T02:09:33","slug":"souffelweyersheim-traumatisee-une-habitante-alerte-sur-le-danger-des-chiens-non-tenus-en-laisse","status":"publish","type":"post","link":"https:\/\/www.europesays.com\/fr\/157953\/","title":{"rendered":"Souffelweyersheim. Traumatis\u00e9e, une habitante alerte sur le danger des chiens non tenus en laisse"},"content":{"rendered":"<p>Fin avril, Liliane Fornay rentrait chez elle apr\u00e8s la derni\u00e8re promenade du jour avec ses trois chiens berger des shetlands, vers 23\u00a0h. Elle venait de l\u2019espace vert reli\u00e9 par un passage pi\u00e9ton derri\u00e8re son immeuble.<\/p>\n<p>Il faisait nuit et l\u2019\u00e9clairage public \u00e9tait r\u00e9duit. Brusquement, un gros chien a fonc\u00e9 sur elle, l\u2019a fait tomber sur deux de ses chiens Charly et Rilay, et a fonc\u00e9 sur Duke, le troisi\u00e8me&#8230;.<\/p>\n","protected":false},"excerpt":{"rendered":"Fin avril, Liliane Fornay rentrait chez elle apr\u00e8s la derni\u00e8re promenade du jour avec ses trois chiens berger&hellip;\n","protected":false},"author":2,"featured_media":157954,"comment_status":"","ping_status":"","sticky":false,"template":"","format":"standard","meta":{"footnotes":""},"categories":[2820],"tags":[1111,11,1867,4523,2880,1777,674,274,107,1011,27,775,12,25,104,16322,640,3265],"class_list":{"0":"post-157953","1":"post","2":"type-post","3":"status-publish","4":"format-standard","5":"has-post-thumbnail","7":"category-strasbourg","8":"tag-actu","9":"tag-actualites","10":"tag-animaux","11":"tag-conseils-pratiques","12":"tag-edition-strasbourg","13":"tag-eu","14":"tag-europe","15":"tag-faits-divers-justice","16":"tag-fil-info","17":"tag-fr","18":"tag-france","19":"tag-grand-est","20":"tag-news","21":"tag-republique-francaise","22":"tag-societe","23":"tag-souffelweyersheim","24":"tag-strasbourg","25":"tag-strasbourg-nord"},"share_on_mastodon":{"url":"https:\/\/pubeurope.com\/@fr\/114639651722695565","error":""},"_links":{"self":[{"href":"https:\/\/www.europesays.com\/fr\/wp-json\/wp\/v2\/posts\/157953","targetHints":{"allow":["GET"]}}],"collection":[{"href":"https:\/\/www.europesays.com\/fr\/wp-json\/wp\/v2\/posts"}],"about":[{"href":"https:\/\/www.europesays.com\/fr\/wp-json\/wp\/v2\/types\/post"}],"author":[{"embeddable":true,"href":"https:\/\/www.europesays.com\/fr\/wp-json\/wp\/v2\/users\/2"}],"replies":[{"embeddable":true,"href":"https:\/\/www.europesays.com\/fr\/wp-json\/wp\/v2\/comments?post=157953"}],"version-history":[{"count":0,"href":"https:\/\/www.europesays.com\/fr\/wp-json\/wp\/v2\/posts\/157953\/revisions"}],"wp:featuredmedia":[{"embeddable":true,"href":"https:\/\/www.europesays.com\/fr\/wp-json\/wp\/v2\/media\/157954"}],"wp:attachment":[{"href":"https:\/\/www.europesays.com\/fr\/wp-json\/wp\/v2\/media?parent=157953"}],"wp:term":[{"taxonomy":"category","embeddable":true,"href":"https:\/\/www.europesays.com\/fr\/wp-json\/wp\/v2\/categories?post=157953"},{"taxonomy":"post_tag","embeddable":true,"href":"https:\/\/www.europesays.com\/fr\/wp-json\/wp\/v2\/tags?post=157953"}],"curies":[{"name":"wp","href":"https:\/\/api.w.org\/{rel}","templated":true}]}}