{"id":157955,"date":"2025-06-07T02:10:23","date_gmt":"2025-06-07T02:10:23","guid":{"rendered":"https:\/\/www.europesays.com\/fr\/157955\/"},"modified":"2025-06-07T02:10:23","modified_gmt":"2025-06-07T02:10:23","slug":"european-youth-event-le-rendezvous-des-jeunes-europeens-a-strasbourg-est-de-retour","status":"publish","type":"post","link":"https:\/\/www.europesays.com\/fr\/157955\/","title":{"rendered":"European Youth Event, le rendez|vous des jeunes europ\u00e9ens \u00e0 Strasbourg est de retour !"},"content":{"rendered":"<p class=\"st-surtitre\">\n            Les 13 et 14 juin 2025, la Ville de Strasbourg accueillera la sixi\u00e8me \u00e9dition du European Youth Event (EYE), la rencontre des jeunes europ\u00e9ens, organis\u00e9e par le Parlement europ\u00e9en.\n        <\/p>\n<p><img loading=\"lazy\" decoding=\"async\" alt=\"\" data-fileentryid=\"537211532\" height=\"315\" src=\"https:\/\/www.europesays.com\/fr\/wp-content\/uploads\/2025\/06\/eye_affiche-600x400_2025-1-jpg.jpeg\" style=\"margin-left:10px; margin-right:10px; float:left\" width=\"472\"\/>\u00a0Cet \u00e9v\u00e8nement rassemblera des milliers de jeunes de <strong>16 \u00e0 30 ans issus de toute l\u2019Union europ\u00e9enne<\/strong> et au-del\u00e0 pour s\u2019informer, <strong>d\u00e9battre directement avec des d\u00e9put\u00e9s du Parlement<\/strong> <strong>europ\u00e9en<\/strong> et d\u2019autres d\u00e9cideurs politiques et \u00e9changer des points de vue avec des experts, des militants et des cr\u00e9ateurs de contenu. \u00c0 cette occasion, <strong>700 jeunes du territoire eurom\u00e9tropolitain pourront participer \u00e0 cette manifestation europ\u00e9enne.<\/strong><\/p>\n<p>De nombreuses th\u00e9matiques y seront abord\u00e9es telles que la <strong>transition \u00e9cologique, la libert\u00e9 des m\u00e9dias, la sant\u00e9 mentale des jeunes, l\u2019intelligence artificielle, la d\u00e9fense ou encore l\u2019\u00e9largissement de l\u2019Union europ\u00e9enne.<\/strong> Un des temps forts sera anim\u00e9 par <strong>Salom\u00e9 Saqu\u00e9<\/strong> dans le cadre du \u00ab OFF \u00bb des Assises europ\u00e9ennes de la transition \u00e9nerg\u00e9tique, un \u00e9v\u00e9nement majeur que la Ville et l\u2019Eurom\u00e9tropole de Strasbourg accueilleront pour la premi\u00e8re fois en tant que co-organisateurs en juin 2025, et tentera de r\u00e9pondre \u00e0 la question <strong>\u00ab Quel r\u00f4le et quelle place pour la jeunesse dans la transition \u00e9nerg\u00e9tique ? \u00bb.<\/strong><\/p>\n<p>\u00c0 cette occasion, <strong>le EYE Village<\/strong>, un <strong>espace ext\u00e9rieur sur l\u2019\u00eele aux sports \u00e0 c\u00f4t\u00e9 du Parlement europ\u00e9en<\/strong>, proposera \u00e0 tous les habitants de l\u2019Eurom\u00e9tropole de Strasbourg de 16 \u00e0 30 ans des <strong>animations vari\u00e9es<\/strong> (concerts, stands associatifs, workshops, sport).<\/p>\n<p>Le EYE Village sera ouvert le 13 juin de 10h \u00e0 23h30 et le 14 juin de 10h \u00e0 22h30, <strong>sur inscription \u00e0 r\u00e9aliser sur place et sur pr\u00e9sentation d\u2019une pi\u00e8ce d\u2019identit\u00e9<\/strong>.<\/p>\n<p>D\u00e8s le jeudi 12 juin \u00e0 19h, le concert du chanteur fran\u00e7ais Ridsa emportera le public dans des rythmes latinos et des sonorit\u00e9s urbaines en plein c\u0153ur du EYE Village. <strong>Entr\u00e9e gratuite d\u00e8s 18h30 <a href=\"https:\/\/ep-events.secure.europarl.europa.eu\/comm\/eye2025\/e\/ce\/lg\/fr\/g\/99330\/kk\/7ab0e71b2d1808096bc696853b7d1985\/\" rel=\"nofollow noopener\" target=\"_blank\">sur inscription<\/a>.<\/strong><\/p>\n<p><a href=\"https:\/\/european-youth-event.europarl.europa.eu\/fr\" rel=\"nofollow noopener\" target=\"_blank\">Retrouvez toutes les informations concernant le EYE 2025.<\/a><\/p>\n","protected":false},"excerpt":{"rendered":"Les 13 et 14 juin 2025, la Ville de Strasbourg accueillera la sixi\u00e8me \u00e9dition du European Youth Event&hellip;\n","protected":false},"author":2,"featured_media":157956,"comment_status":"","ping_status":"","sticky":false,"template":"","format":"standard","meta":{"footnotes":""},"categories":[2820],"tags":[1111,11,1777,674,21364,1011,27,775,12,25,640],"class_list":{"0":"post-157955","1":"post","2":"type-post","3":"status-publish","4":"format-standard","5":"has-post-thumbnail","7":"category-strasbourg","8":"tag-actu","9":"tag-actualites","10":"tag-eu","11":"tag-europe","12":"tag-europe-et-international","13":"tag-fr","14":"tag-france","15":"tag-grand-est","16":"tag-news","17":"tag-republique-francaise","18":"tag-strasbourg"},"share_on_mastodon":{"url":"https:\/\/pubeurope.com\/@fr\/114639655624131737","error":""},"_links":{"self":[{"href":"https:\/\/www.europesays.com\/fr\/wp-json\/wp\/v2\/posts\/157955","targetHints":{"allow":["GET"]}}],"collection":[{"href":"https:\/\/www.europesays.com\/fr\/wp-json\/wp\/v2\/posts"}],"about":[{"href":"https:\/\/www.europesays.com\/fr\/wp-json\/wp\/v2\/types\/post"}],"author":[{"embeddable":true,"href":"https:\/\/www.europesays.com\/fr\/wp-json\/wp\/v2\/users\/2"}],"replies":[{"embeddable":true,"href":"https:\/\/www.europesays.com\/fr\/wp-json\/wp\/v2\/comments?post=157955"}],"version-history":[{"count":0,"href":"https:\/\/www.europesays.com\/fr\/wp-json\/wp\/v2\/posts\/157955\/revisions"}],"wp:featuredmedia":[{"embeddable":true,"href":"https:\/\/www.europesays.com\/fr\/wp-json\/wp\/v2\/media\/157956"}],"wp:attachment":[{"href":"https:\/\/www.europesays.com\/fr\/wp-json\/wp\/v2\/media?parent=157955"}],"wp:term":[{"taxonomy":"category","embeddable":true,"href":"https:\/\/www.europesays.com\/fr\/wp-json\/wp\/v2\/categories?post=157955"},{"taxonomy":"post_tag","embeddable":true,"href":"https:\/\/www.europesays.com\/fr\/wp-json\/wp\/v2\/tags?post=157955"}],"curies":[{"name":"wp","href":"https:\/\/api.w.org\/{rel}","templated":true}]}}