{"id":157957,"date":"2025-06-07T02:11:11","date_gmt":"2025-06-07T02:11:11","guid":{"rendered":"https:\/\/www.europesays.com\/fr\/157957\/"},"modified":"2025-06-07T02:11:11","modified_gmt":"2025-06-07T02:11:11","slug":"colloque-aapds-droit-du-travail-et-procedure-judiciaire-le-3-juillet","status":"publish","type":"post","link":"https:\/\/www.europesays.com\/fr\/157957\/","title":{"rendered":"Colloque AAPDS : \u00ab\u00a0Droit du travail et proc\u00e9dure judiciaire\u00a0\u00bb le 3 juillet"},"content":{"rendered":"<p>                    <img loading=\"lazy\" decoding=\"async\" src=\"https:\/\/www.europesays.com\/fr\/wp-content\/uploads\/2025\/06\/839674ca53afaf0ef8d46b95c2a9db.png\" class=\"img-responsive post-image\" width=\"680\" height=\"510\" alt=\"Colloque AAPDS : &quot;Droit\" title=\"Colloque AAPDS : &quot;Droit du travail et proc\u00e9dure judiciaire&quot; le 3 juillet\"\/><\/p>\n<p class=\"chapo\">Comme chaque ann\u00e9e l\u2019Association AAPDS organise son \u00ab\u00a0colloque annuel\u00a0\u00bb autour d\u2019un th\u00e8me en Droit du travail. Ce colloque se tiendra le 3 juillet au Casino Terrazur \u00e0 Cagnes sur Mer, il est ouvert \u00e0 l\u2019ensemble des m\u00e9tiers du Droit mais \u00e9galement \u00e0 tous ceux qui, de pr\u00e8s ou de loin, peuvent \u00eatre amen\u00e9s \u00e0 traiter des sujets en Droit du travail et\/ou se retrouver avec une affaire devant la juridiction prud\u2019homale.<\/p>\n<p>                    Colloque annuel de l\u2019AAPDS\u00a0: plong\u00e9e au c\u0153ur de la vie judiciaire d\u2019un dossier<\/p>\n<p>Intitul\u00e9e \u00ab\u00a0<strong>La vie judiciaire d\u2019un dossier<\/strong>\u00a0\u00bb, cette \u00e9dition mettra en lumi\u00e8re le parcours d\u2019un dossier prud\u2019homal, de sa saisine initiale jusqu\u2019au pourvoi en cassation. \u00c0 travers une s\u00e9rie d\u2019analyses crois\u00e9es, conseillers prud\u2019hommes, magistrats de la Cour d\u2019appel, ainsi qu\u2019un avocat aux Conseils partageront leur exp\u00e9rience et leur regard sur les \u00e9tapes cl\u00e9s de cette proc\u00e9dure complexe.<\/p>\n<p>Le colloque se tiendra de 14h \u00e0 18h (accueil d\u00e8s 13h45) et sera suivi d\u2019un cocktail, favorisant les \u00e9changes entre praticiens du droit social et participants.<\/p>\n<p>Un rendez-vous incontournable pour tous les professionnels du droit d\u00e9sireux d\u2019approfondir leur compr\u00e9hension du chemin judiciaire d\u2019un dossier. Les modalit\u00e9s d\u2019inscription seront bient\u00f4t disponibles, notez d\u00e9j\u00e0 la date dans vos agendas\u00a0!<\/p>\n","protected":false},"excerpt":{"rendered":"Comme chaque ann\u00e9e l\u2019Association AAPDS organise son \u00ab\u00a0colloque annuel\u00a0\u00bb autour d\u2019un th\u00e8me en Droit du travail. Ce colloque&hellip;\n","protected":false},"author":2,"featured_media":157958,"comment_status":"","ping_status":"","sticky":false,"template":"","format":"standard","meta":{"footnotes":""},"categories":[2819],"tags":[1111,11,2408,1777,674,1011,27,12,2401,882,25],"class_list":{"0":"post-157957","1":"post","2":"type-post","3":"status-publish","4":"format-standard","5":"has-post-thumbnail","7":"category-nice","8":"tag-actu","9":"tag-actualites","10":"tag-appels-d","11":"tag-eu","12":"tag-europe","13":"tag-fr","14":"tag-france","15":"tag-news","16":"tag-nice","17":"tag-provence-alpes-cote-dazur","18":"tag-republique-francaise"},"share_on_mastodon":{"url":"https:\/\/pubeurope.com\/@fr\/114639659737135839","error":""},"_links":{"self":[{"href":"https:\/\/www.europesays.com\/fr\/wp-json\/wp\/v2\/posts\/157957","targetHints":{"allow":["GET"]}}],"collection":[{"href":"https:\/\/www.europesays.com\/fr\/wp-json\/wp\/v2\/posts"}],"about":[{"href":"https:\/\/www.europesays.com\/fr\/wp-json\/wp\/v2\/types\/post"}],"author":[{"embeddable":true,"href":"https:\/\/www.europesays.com\/fr\/wp-json\/wp\/v2\/users\/2"}],"replies":[{"embeddable":true,"href":"https:\/\/www.europesays.com\/fr\/wp-json\/wp\/v2\/comments?post=157957"}],"version-history":[{"count":0,"href":"https:\/\/www.europesays.com\/fr\/wp-json\/wp\/v2\/posts\/157957\/revisions"}],"wp:featuredmedia":[{"embeddable":true,"href":"https:\/\/www.europesays.com\/fr\/wp-json\/wp\/v2\/media\/157958"}],"wp:attachment":[{"href":"https:\/\/www.europesays.com\/fr\/wp-json\/wp\/v2\/media?parent=157957"}],"wp:term":[{"taxonomy":"category","embeddable":true,"href":"https:\/\/www.europesays.com\/fr\/wp-json\/wp\/v2\/categories?post=157957"},{"taxonomy":"post_tag","embeddable":true,"href":"https:\/\/www.europesays.com\/fr\/wp-json\/wp\/v2\/tags?post=157957"}],"curies":[{"name":"wp","href":"https:\/\/api.w.org\/{rel}","templated":true}]}}