{"id":157959,"date":"2025-06-07T02:12:17","date_gmt":"2025-06-07T02:12:17","guid":{"rendered":"https:\/\/www.europesays.com\/fr\/157959\/"},"modified":"2025-06-07T02:12:17","modified_gmt":"2025-06-07T02:12:17","slug":"a-nice-un-sommet-de-locean-entre-deux-eaux-liberation","status":"publish","type":"post","link":"https:\/\/www.europesays.com\/fr\/157959\/","title":{"rendered":"\u00e0 Nice, un sommet de l\u2019oc\u00e9an entre deux eaux \u2013 Lib\u00e9ration"},"content":{"rendered":"<p class=\"sc-ksZaOG ehjQrN text-element\">L\u2019humanit\u00e9 arrivera-t-elle \u00e0 faire fi des conflits r\u00e9gionaux et \u00e0 op\u00e9rer un virage de g\u00e9ant pour prot\u00e9ger l\u2019oc\u00e9an ? A partir de ce dimanche 8 juin (l\u2019ouverture officielle \u00e9tant le lundi 9) et jusqu\u2019au vendredi 13 juin, une cinquantaine de chefs d\u2019Etat et de gouvernement, accompagn\u00e9s de milliers de d\u00e9l\u00e9gu\u00e9s, scientifiques et repr\u00e9sentants d\u2019ONG, convergeront \u00e0 Nice pour la troisi\u00e8me conf\u00e9rence des Nations unies sur les oc\u00e9ans (Unoc-3). Avec, face \u00e0 eux, tel un miroir les renvoyant \u00e0 leurs responsabilit\u00e9s, <a href=\"https:\/\/www.liberation.fr\/environnement\/pollution\/en-mediterranee-la-peche-aux-epaves-abandonnees-des-bateaux-de-plaisance-qui-polluent-la-rade-de-toulon-20250313_JTEJFETHN5AMNK6YKPDKK2B3HQ\/\" target=\"_blank\" rel=\"noopener\" title=\"https:\/\/www.liberation.fr\/environnement\/pollution\/en-mediterranee-la-peche-aux-epaves-abandonnees-des-bateaux-de-plaisance-qui-polluent-la-rade-de-toulon-20250313_JTEJFETHN5AMNK6YKPDKK2B3HQ\/\">la M\u00e9diterran\u00e9e, l\u2019une des mers les plus pollu\u00e9es du monde<\/a>. <a href=\"https:\/\/www.liberation.fr\/environnement\/en-images-a-bord-de-latalante-le-navire-qui-ausculte-la-pollution-plastique-en-mediterranee-20250417_P7Y6NEN7INFS3ELFAUXXN3JOZU\/\" target=\"_blank\" rel=\"noopener\" title=\"https:\/\/www.liberation.fr\/environnement\/en-images-a-bord-de-latalante-le-navire-qui-ausculte-la-pollution-plastique-en-mediterranee-20250417_P7Y6NEN7INFS3ELFAUXXN3JOZU\/\">Charg\u00e9e de plastique<\/a> et th\u00e9\u00e2tre d\u2019un trafic maritime en constante expansion, la belle bleue, qui fr\u00f4le depuis deux ans <\/p>\n","protected":false},"excerpt":{"rendered":"L\u2019humanit\u00e9 arrivera-t-elle \u00e0 faire fi des conflits r\u00e9gionaux et \u00e0 op\u00e9rer un virage de g\u00e9ant pour prot\u00e9ger l\u2019oc\u00e9an&hellip;\n","protected":false},"author":2,"featured_media":157960,"comment_status":"","ping_status":"","sticky":false,"template":"","format":"standard","meta":{"footnotes":""},"categories":[2819],"tags":[1111,11,5253,1777,674,1011,27,12,2401,12687,6579,882,5140,25],"class_list":{"0":"post-157959","1":"post","2":"type-post","3":"status-publish","4":"format-standard","5":"has-post-thumbnail","7":"category-nice","8":"tag-actu","9":"tag-actualites","10":"tag-biodiversite-cest-la-sante","11":"tag-eu","12":"tag-europe","13":"tag-fr","14":"tag-france","15":"tag-news","16":"tag-nice","17":"tag-oceans","18":"tag-plastique","19":"tag-provence-alpes-cote-dazur","20":"tag-rechauffement-climatique","21":"tag-republique-francaise"},"share_on_mastodon":{"url":"https:\/\/pubeurope.com\/@fr\/114639663482060208","error":""},"_links":{"self":[{"href":"https:\/\/www.europesays.com\/fr\/wp-json\/wp\/v2\/posts\/157959","targetHints":{"allow":["GET"]}}],"collection":[{"href":"https:\/\/www.europesays.com\/fr\/wp-json\/wp\/v2\/posts"}],"about":[{"href":"https:\/\/www.europesays.com\/fr\/wp-json\/wp\/v2\/types\/post"}],"author":[{"embeddable":true,"href":"https:\/\/www.europesays.com\/fr\/wp-json\/wp\/v2\/users\/2"}],"replies":[{"embeddable":true,"href":"https:\/\/www.europesays.com\/fr\/wp-json\/wp\/v2\/comments?post=157959"}],"version-history":[{"count":0,"href":"https:\/\/www.europesays.com\/fr\/wp-json\/wp\/v2\/posts\/157959\/revisions"}],"wp:featuredmedia":[{"embeddable":true,"href":"https:\/\/www.europesays.com\/fr\/wp-json\/wp\/v2\/media\/157960"}],"wp:attachment":[{"href":"https:\/\/www.europesays.com\/fr\/wp-json\/wp\/v2\/media?parent=157959"}],"wp:term":[{"taxonomy":"category","embeddable":true,"href":"https:\/\/www.europesays.com\/fr\/wp-json\/wp\/v2\/categories?post=157959"},{"taxonomy":"post_tag","embeddable":true,"href":"https:\/\/www.europesays.com\/fr\/wp-json\/wp\/v2\/tags?post=157959"}],"curies":[{"name":"wp","href":"https:\/\/api.w.org\/{rel}","templated":true}]}}