{"id":157978,"date":"2025-06-07T02:23:17","date_gmt":"2025-06-07T02:23:17","guid":{"rendered":"https:\/\/www.europesays.com\/fr\/157978\/"},"modified":"2025-06-07T02:23:17","modified_gmt":"2025-06-07T02:23:17","slug":"lyon-dada-un-festival-multidisciplinaire-et-gratuit-au-parc-du-vallon","status":"publish","type":"post","link":"https:\/\/www.europesays.com\/fr\/157978\/","title":{"rendered":"Lyon. DADA, un festival multidisciplinaire et gratuit au parc du Vallon"},"content":{"rendered":"<p>L\u2019\u00e9v\u00e9nement se veut sous le signe de la fantaisie. Le festival DADA (D\u2019Art et D\u2019Air) s\u2019installe au parc du Vallon, dans le 9e arrondissement, ces 7 et 8\u00a0juin. Il se d\u00e9roule le samedi de 15\u00a0h\u00a030 \u00e0 23 heures et le dimanche, de 13\u00a0h\u00a030 \u00e0 23 heures. Et l\u2019acc\u00e8s est gratuit. Avec l\u2019ambition de plaire et satisfaire toutes les g\u00e9n\u00e9rations.<\/p>\n<p>Les <a href=\"https:\/\/www.leprogres.fr\/culture-loisirs\/2024\/05\/23\/le-13e-festival-dada-les-8-et-9-juin\" target=\"_blank\" rel=\"nofollow noopener\">deux jours s\u2019annoncent<\/a> \u00ab\u00a0rocambolesques pour les petits et grands esprits\u00a0\u00bb avec de la magie, de la musique pour tous les styles avec les cuivres de l\u2019Auditorium de Lyon, la \u201cqueen\u201d des platines Kaynixe et les voix des s\u0153urs Malaka, de la r\u00eaverie avec la jonglerie lumineuse de la compagnie D\u00e9o, de la danse avec les Pockemon crew et la compagnie R\u00eave de singe, du th\u00e9\u00e2tre, un village d\u2019ateliers, des histoires \u00e0 \u00e9couter et d\u2019autres d\u00e9lices \u00e0 d\u00e9vorer.<\/p>\n<p class=\"note\">Parc du Vallon, \u00e0 Lyon-Duch\u00e8re, samedi\u00a07 et dimanche 8\u00a0juin. Gratuit. Infos\u00a0: <a href=\"https:\/\/www.mjcduchere.fr\/\" target=\"_blank\" rel=\"nofollow noopener\">www.mjcduchere.fr<\/a><\/p>\n","protected":false},"excerpt":{"rendered":"L\u2019\u00e9v\u00e9nement se veut sous le signe de la fantaisie. Le festival DADA (D\u2019Art et D\u2019Air) s\u2019installe au parc&hellip;\n","protected":false},"author":2,"featured_media":157979,"comment_status":"","ping_status":"","sticky":false,"template":"","format":"standard","meta":{"footnotes":""},"categories":[1889],"tags":[1111,11,2430,1687,2757,1777,674,3326,1011,27,2428,2756,873,12,25,3140],"class_list":{"0":"post-157978","1":"post","2":"type-post","3":"status-publish","4":"format-standard","5":"has-post-thumbnail","7":"category-lyon","8":"tag-actu","9":"tag-actualites","10":"tag-auvergne-rhone-alpes","11":"tag-culture-loisirs","12":"tag-edition-lyon-villeurbanne","13":"tag-eu","14":"tag-europe","15":"tag-fete-locale","16":"tag-fr","17":"tag-france","18":"tag-lyon","19":"tag-lyon-bassin","20":"tag-musique","21":"tag-news","22":"tag-republique-francaise","23":"tag-spectacle"},"share_on_mastodon":{"url":"https:\/\/pubeurope.com\/@fr\/114639706780328766","error":""},"_links":{"self":[{"href":"https:\/\/www.europesays.com\/fr\/wp-json\/wp\/v2\/posts\/157978","targetHints":{"allow":["GET"]}}],"collection":[{"href":"https:\/\/www.europesays.com\/fr\/wp-json\/wp\/v2\/posts"}],"about":[{"href":"https:\/\/www.europesays.com\/fr\/wp-json\/wp\/v2\/types\/post"}],"author":[{"embeddable":true,"href":"https:\/\/www.europesays.com\/fr\/wp-json\/wp\/v2\/users\/2"}],"replies":[{"embeddable":true,"href":"https:\/\/www.europesays.com\/fr\/wp-json\/wp\/v2\/comments?post=157978"}],"version-history":[{"count":0,"href":"https:\/\/www.europesays.com\/fr\/wp-json\/wp\/v2\/posts\/157978\/revisions"}],"wp:featuredmedia":[{"embeddable":true,"href":"https:\/\/www.europesays.com\/fr\/wp-json\/wp\/v2\/media\/157979"}],"wp:attachment":[{"href":"https:\/\/www.europesays.com\/fr\/wp-json\/wp\/v2\/media?parent=157978"}],"wp:term":[{"taxonomy":"category","embeddable":true,"href":"https:\/\/www.europesays.com\/fr\/wp-json\/wp\/v2\/categories?post=157978"},{"taxonomy":"post_tag","embeddable":true,"href":"https:\/\/www.europesays.com\/fr\/wp-json\/wp\/v2\/tags?post=157978"}],"curies":[{"name":"wp","href":"https:\/\/api.w.org\/{rel}","templated":true}]}}