{"id":157994,"date":"2025-06-07T02:32:11","date_gmt":"2025-06-07T02:32:11","guid":{"rendered":"https:\/\/www.europesays.com\/fr\/157994\/"},"modified":"2025-06-07T02:32:11","modified_gmt":"2025-06-07T02:32:11","slug":"des-entreprises-francaises-vont-produire-des-drones-en-ukraine-annonce-sebastien-lecornu","status":"publish","type":"post","link":"https:\/\/www.europesays.com\/fr\/157994\/","title":{"rendered":"Des entreprises fran\u00e7aises vont produire des drones en Ukraine, annonce S\u00e9bastien Lecornu"},"content":{"rendered":"<p>Les Ukrainiens fourniront de leur c\u00f4t\u00e9 leur retour d\u2019exp\u00e9rience de la fa\u00e7on dont ils utilisent les drones dans cette guerre. Une fa\u00e7on pour l\u2019Hexagone de combler son retard, esp\u00e8re le ministre fran\u00e7ais des Arm\u00e9es.<\/p>\n<p class=\"fig-paragraph\">Un \u00e9change de bons proc\u00e9d\u00e9s. Des entreprises fran\u00e7aises de l&rsquo;automobile et de la d\u00e9fense vont\u00a0<a href=\"http:\/\/www.lefigaro.fr\/international\/ukraine-la-russie-utilise-des-drones-commerciaux-pour-cibler-deliberement-les-civils-20250603\" data-fig-type=\"Article\" data-gtm-custom-categorie=\"navigation\" data-gtm-custom-action=\"crossclick\" data-gtm-custom-label=\"Contextuel\" data-gtm-event=\"customEventSPE\" data-fig-domain=\"LEFIGARO\" rel=\"nofollow noopener\" target=\"_blank\">produire des drones<\/a>\u00a0sur le sol ukrainien, a affirm\u00e9 vendredi le ministre fran\u00e7ais des Arm\u00e9es S\u00e9bastien Lecornu, qui a \u00e9voqu\u00e9 un partenariat \u00abgagnant-gagnant\u00bb avec Kiev. \u00abOn va se lancer dans un partenariat compl\u00e8tement in\u00e9dit o\u00f9 une grande entreprise produisant des voitures fran\u00e7aises \u2013 je ne donne pas le nom parce que c&rsquo;est \u00e0 elle de l&rsquo;annoncer \u2013 va s&rsquo;allier avec une<a href=\"http:\/\/www.lefigaro.fr\/societes\/le-groupe-safran-finalise-l-acquisition-de-la-pme-preligens-specialiste-de-l-ia-pour-l-aerospatial-et-la-defense-20240902\" data-fig-type=\"NewsFlash\" data-gtm-custom-categorie=\"navigation\" data-gtm-custom-action=\"crossclick\" data-gtm-custom-label=\"Contextuel\" data-gtm-event=\"customEventSPE\" data-fig-domain=\"LEFIGARO\" rel=\"nofollow noopener\" target=\"_blank\">\u00a0PME de d\u00e9fense fran\u00e7aise<\/a> \u00a0pour armer des lignes de production en Ukraine pour \u00eatre capables de produire des drones\u00bb, a annonc\u00e9 le ministre sur la cha\u00eene LCI.<\/p>\n<p class=\"fig-paragraph\">Ces drones, dont il n&rsquo;a pas pr\u00e9cis\u00e9 le type, seront destin\u00e9s aux Ukrainiens, \u00abmais nous allons aussi en faire b\u00e9n\u00e9ficier nos propres arm\u00e9es fran\u00e7aises pour avoir en permanence un entra\u00eenement tactique, op\u00e9ratif qui colle \u00e0 la r\u00e9alit\u00e9\u00bb du conflit en Ukraine, a-t-il ajout\u00e9. Les Ukrainiens fourniront de leur c\u00f4t\u00e9 leur retour d&rsquo;exp\u00e9rience de la fa\u00e7on dont ils utilisent les drones dans cette guerre. \u00abIl n&rsquo;y a pas besoin en plus de demander \u00e0 des citoyens fran\u00e7ais\u00bb d&rsquo;aller travailler sur la cha\u00eene de production qui sera install\u00e9e en Ukraine, selon lui.<\/p>\n<p>Rattraper son retard<\/p>\n<p class=\"fig-paragraph\">Pour S\u00e9bastien Lecornu, les Ukrainiens \u00absont meilleurs que nous dans la capacit\u00e9 \u00e0 imaginer des drones et surtout \u00e0 \u00e9laborer la doctrine qui va autour\u00bb. L&rsquo;Ukraine entend utiliser en 2025 plus de 4,5 millions de drones, qui sont responsables de 70% des destructions de mat\u00e9riels ennemis sur le front. L&rsquo;arm\u00e9e fran\u00e7aise, qui dispose de quelques milliers de drones, cherche, elle, \u00e0 rattraper son retard dans le domaine.<\/p>\n<p class=\"fig-paragraph\">Mais \u00able syst\u00e8me est encore trop rigide, trop lent, entre le moment o\u00f9 les arm\u00e9es fran\u00e7aises font une expression de besoin et le moment o\u00f9 on a une livraison de drones\u00bb, a d\u00e9plor\u00e9 le ministre, qui a demand\u00e9 une \u00abrevue de l&rsquo;ensemble de nos programmes de drones\u00bb. \u00abEn clair, vous avez command\u00e9 un fax ou un Minitel, sauf qu&rsquo;entre-temps internet a \u00e9t\u00e9 invent\u00e9 et vous avez la livraison de votre Minitel\u00bb, a-t-il ironis\u00e9.<\/p>\n","protected":false},"excerpt":{"rendered":"Les Ukrainiens fourniront de leur c\u00f4t\u00e9 leur retour d\u2019exp\u00e9rience de la fa\u00e7on dont ils utilisent les drones dans&hellip;\n","protected":false},"author":2,"featured_media":157995,"comment_status":"","ping_status":"","sticky":false,"template":"","format":"standard","meta":{"footnotes":""},"categories":[1590],"tags":[259,11,260,1924,1777,674,14,261,12,262,220],"class_list":{"0":"post-157994","1":"post","2":"type-post","3":"status-publish","4":"format-standard","5":"has-post-thumbnail","7":"category-ukraine","8":"tag-actualite-internationale","9":"tag-actualites","10":"tag-affaires-etrangeres","11":"tag-armement","12":"tag-eu","13":"tag-europe","14":"tag-international","15":"tag-ministere-des-affaires-etrangeres","16":"tag-news","17":"tag-politique-etrangere","18":"tag-ukraine"},"share_on_mastodon":{"url":"https:\/\/pubeurope.com\/@fr\/114639742110152278","error":""},"_links":{"self":[{"href":"https:\/\/www.europesays.com\/fr\/wp-json\/wp\/v2\/posts\/157994","targetHints":{"allow":["GET"]}}],"collection":[{"href":"https:\/\/www.europesays.com\/fr\/wp-json\/wp\/v2\/posts"}],"about":[{"href":"https:\/\/www.europesays.com\/fr\/wp-json\/wp\/v2\/types\/post"}],"author":[{"embeddable":true,"href":"https:\/\/www.europesays.com\/fr\/wp-json\/wp\/v2\/users\/2"}],"replies":[{"embeddable":true,"href":"https:\/\/www.europesays.com\/fr\/wp-json\/wp\/v2\/comments?post=157994"}],"version-history":[{"count":0,"href":"https:\/\/www.europesays.com\/fr\/wp-json\/wp\/v2\/posts\/157994\/revisions"}],"wp:featuredmedia":[{"embeddable":true,"href":"https:\/\/www.europesays.com\/fr\/wp-json\/wp\/v2\/media\/157995"}],"wp:attachment":[{"href":"https:\/\/www.europesays.com\/fr\/wp-json\/wp\/v2\/media?parent=157994"}],"wp:term":[{"taxonomy":"category","embeddable":true,"href":"https:\/\/www.europesays.com\/fr\/wp-json\/wp\/v2\/categories?post=157994"},{"taxonomy":"post_tag","embeddable":true,"href":"https:\/\/www.europesays.com\/fr\/wp-json\/wp\/v2\/tags?post=157994"}],"curies":[{"name":"wp","href":"https:\/\/api.w.org\/{rel}","templated":true}]}}