{"id":1580,"date":"2025-04-03T22:41:12","date_gmt":"2025-04-03T22:41:12","guid":{"rendered":"https:\/\/www.europesays.com\/fr\/1580\/"},"modified":"2025-04-03T22:41:12","modified_gmt":"2025-04-03T22:41:12","slug":"samuser-sur-le-velo-et-ne-pas-avoir-de-regrets-pogacar-justifie-son-defi","status":"publish","type":"post","link":"https:\/\/www.europesays.com\/fr\/1580\/","title":{"rendered":"\u00abS\u2019amuser sur le v\u00e9lo et ne pas avoir de regrets\u00bb, Pogacar justifie son d\u00e9fi"},"content":{"rendered":"<p>\u00c0 l\u2019occasion d\u2019un point presse ce jeudi, \u00e0 trois jours du Tour des Flandres, le champion slov\u00e8ne a expliqu\u00e9 son choix de participer cette saison \u00e0 l\u2019Enfer du Nord, le 13 avril prochain.<\/p>\n<p class=\"fig-paragraph\">\u00abPogi\u00bb assume ses choix.\u00a0<a href=\"http:\/\/www.lefigaro.fr\/sports\/cyclisme\/paris-roubaix-l-intrepide-tadej-pogacar-bat-des-records-sur-les-paves-20250403\" target=\"_blank\" data-fig-type=\"NewsFlash\" rel=\"noopener\" data-gtm-custom-categorie=\"navigation\" data-gtm-custom-action=\"crossclick\" data-gtm-custom-label=\"Contextuel\" data-gtm-event=\"customEventSPE\" data-fig-domain=\"LEFIGARO\">Tadej Pogacar<\/a>, qui s&rsquo;alignera pour la premi\u00e8re fois sur Paris-Roubaix le 13 avril prochain, a d\u00e9cid\u00e9 \u00abseul\u00bb de prendre part \u00e0 l&rsquo;Enfer du Nord, expliquant jeudi en conf\u00e9rence de presse qu&rsquo;il \u00abne souhaite pas vivre de regrets\u00bb malgr\u00e9 la \u00abdangerosit\u00e9\u00bb de la course.<\/p>\n<p class=\"fig-paragraph\">\u00abJe ne fais pas du cyclisme pour m&rsquo;ennuyer. Je veux en d\u00e9couvrir toutes les facettes. En f\u00e9vrier (lors de reconnaissances sur le parcours), je me suis senti tr\u00e8s \u00e0 l&rsquo;aise. Je sens bien cette course\u00bb, a d\u00e9clar\u00e9 le Slov\u00e8ne \u00e0 Waregem lors d&rsquo;un point presse, \u00e0 trois jours du Tour des Flandres dont il prendra aussi le d\u00e9part. \u00c0 la question de savoir s&rsquo;il ne prenait pas un trop grand risque en participant \u00e0 la Reine des classiques, le champion du monde a reconnu que l&rsquo;\u00e9preuve nordiste est \u00abcertes dangereuse\u00bb, tout en relativisant.<\/p>\n<p>\u00abJ\u2019ai vraiment h\u00e2te de participer \u00e0 cette course\u00bb<\/p>\n<p class=\"fig-paragraph\">\u00abOn peut risquer sa saison voir la suite de sa carri\u00e8re sur Roubaix. Mais cela ne me semble pas plus dangereux qu&rsquo;une arriv\u00e9e au sprint (massif) lors des premi\u00e8res \u00e9tapes du Tour de France\u00bb, a-t-il argument\u00e9. \u00abRegardez les Strade Bianche (<a href=\"http:\/\/www.lefigaro.fr\/sports\/cyclisme\/cyclisme-impressionnante-chute-de-pogacar-dans-les-strade-bianche-20250308\" target=\"_blank\" data-fig-type=\"NewsFlash\" rel=\"noopener\" data-gtm-custom-categorie=\"navigation\" data-gtm-custom-action=\"crossclick\" data-gtm-custom-label=\"Contextuel\" data-gtm-event=\"customEventSPE\" data-fig-domain=\"LEFIGARO\">o\u00f9 il avait chut\u00e9 il y a trois semaines avant de s&rsquo;imposer<\/a>) ou les quinze derniers kilom\u00e8tres de Milan-Sanremo (le 22 mars)&#8230; On prend toujours des risques\u00bb, a-t-il ajout\u00e9. \u00abSi l&rsquo;on prend le d\u00e9part d&rsquo;une course en ayant peur des \u00e9ventuelles cons\u00e9quences, on laisse trop d&rsquo;\u00e9nergie. Ce n&rsquo;est alors m\u00eame plus la peine de penser pouvoir l&#8217;emporter\u00bb, a ajout\u00e9 le triple vainqueur du Tour de France. \u00abJ&rsquo;ai vraiment h\u00e2te de participer \u00e0 cette course\u00bb, a-t-il insist\u00e9 au lendemain de reconnaissances au cours desquelles il a \u00e9tabli plusieurs records de vitesse sur des sections pav\u00e9es, selon des donn\u00e9es qu&rsquo;il a publi\u00e9es sur la plateforme Strava.<\/p>\n<p class=\"fig-paragraph\">\u00abC&rsquo;\u00e9tait une bonne journ\u00e9e avec vent dans le dos et parfois derri\u00e8re une moto\u00bb, a tenu \u00e0 dire le prodige slov\u00e8ne qui ne fait pas \u00abforc\u00e9ment\u00bb de Paris-Roubaix le grand objectif de son printemps. \u00abLaissez-moi d\u00e9couvrir cette course formidable. Mais si je suis optimiste et persuad\u00e9 que je peux faire un r\u00e9sultat, je ne fais pas \u00e7a pour me cr\u00e9er un palmar\u00e8s\u00bb, a-t-il ajout\u00e9. \u00abCela que les gens diront de moi (apr\u00e8s +ma+ carri\u00e8re) m&rsquo;importe peu. Ce que je veux, c&rsquo;est m&rsquo;amuser sur le v\u00e9lo et ne pas avoir de regrets\u00bb, a-t-il conclu.<\/p>\n<p class=\"fig-body-link\">\n            \u00c0 lire aussi<br \/>\n        <a class=\"fig-body-link__link\" href=\"http:\/\/www.lefigaro.fr\/sports\/cyclisme\/paris-roubaix-5-questions-sur-la-presence-de-tadej-pogacar-et-un-defi-qui-fait-saliver-20250327\" target=\"_blank\" data-fig-type=\"NewsFlash\" rel=\"noopener\" data-gtm-custom-categorie=\"navigation\" data-gtm-custom-action=\"crossclick\" data-gtm-custom-label=\"Contextuel\" data-gtm-event=\"customEventSPE\" data-fig-domain=\"LEFIGARO\">Paris-Roubaix\u00a0: 5 questions sur la pr\u00e9sence de Tadej Pogacar&#8230; et un immense d\u00e9fi qui fait saliver<br \/>\n    <\/a>\n<\/p>\n<p>\u00c9viter un sprint face \u00e0 Van der Poel sur le Tour des Flandres<\/p>\n<p class=\"fig-paragraph\">Par ailleurs, Pogacar, \u00abimpatient de disputer (dimanche) le Tour des Flandres, l\u2019une des courses les plus excitantes de la saison\u00bb, esp\u00e8re y r\u00e9\u00e9diter son succ\u00e8s de 2023 \u00e0 condition, \u00absans doute\u00bb, \u00abd\u2019\u00e9viter une arriv\u00e9e au sprint avec Mathieu van der Poel\u00bb, a-t-il d\u00e9clar\u00e9. \u00abOn l\u2019a vu \u00e0 Milan-Sanremo, Mathieu est l\u2019un des meilleurs sprinteurs du peloton. Les Flandres, c\u2019est une course tr\u00e8s diff\u00e9rente. Mais s\u2019il y a sprint, je ferai de mon mieux\u00bb, a expliqu\u00e9 le Slov\u00e8ne, en r\u00e9f\u00e9rence au succ\u00e8s de son rival n\u00e9erlandais lors de la Primavera le 22 mars.\u00a0<\/p>\n<p>Pogacar y avait pris la troisi\u00e8me place d\u2019un sprint remport\u00e9 par Van der Poel devant l\u2019Italien Filippo Ganna. \u00abAu Ronde (dans les monts et sur les pav\u00e9s, ndlr), si je me sens bien, j\u2019aurai davantage de possibilit\u00e9s d\u2019\u00e9viter une telle arriv\u00e9e. Ce sera usant, tr\u00e8s tactique. Peut-\u00eatre que Mathieu sera alors plus fatigu\u00e9 que moi apr\u00e8s six heures\u00bb, a soulign\u00e9 le champion du monde, 26 ans. \u00abIl faudra rendre la course la plus difficile possible. Je compte sur mon \u00e9quipe pour cela. Mais je sais que Mathieu aime cela aussi&#8230; Avec le public qui cr\u00e9e une ambiance unique, ce n\u2019est jamais compliqu\u00e9 d\u2019appuyer sur les p\u00e9dales. Cela donne un surplus d\u2019adr\u00e9naline\u00bb, a ajout\u00e9 le triple vainqueur du Tour de France.<\/p>\n<p>Van Aert jug\u00e9 \u00abplut\u00f4t bien\u00bb<\/p>\n<p class=\"fig-paragraph\">Selon lui, le Ronde est \u00abune course pour +puncheur+ qui correspond bien \u00e0 (son) profil\u00bb. \u00abMais, par rapport aux coureurs qui vivent dans cette r\u00e9gion et qui y disputent de nombreuses courses, j\u2019ai une moins bonne connaissance du parcours\u00bb, a-t-il r\u00e9pondu \u00e0 une question sur ses \u00e9ventuels points faibles dans les courses flandriennes. Le prodige slov\u00e8ne n\u2019a pas voulu faire de Van der Poel son unique concurrent dimanche, entre Bruges et Audenarde, jugeant le Belge Wout Van Aert \u00aben bonne condition\u00bb malgr\u00e9\u00a0<a href=\"http:\/\/www.lefigaro.fr\/sports\/cyclisme\/cyclisme-neilson-powless-plus-fort-que-les-visma-lease-a-bike-sur-la-semi-classique-a-travers-la-flandre-20250402\" target=\"_blank\" data-fig-type=\"NewsFlash\" rel=\"noopener\" data-gtm-custom-categorie=\"navigation\" data-gtm-custom-action=\"crossclick\" data-gtm-custom-label=\"Contextuel\" data-gtm-event=\"customEventSPE\" data-fig-domain=\"LEFIGARO\">sa d\u00e9convenue mercredi dans A travers la Flandre<\/a>, quand le leader de la formation Visma et ses deux \u00e9quipiers Matteo Jorgenson et Tiesj Benoot ont \u00e9t\u00e9 battus dans un sprint \u00e0 quatre par l\u2019Am\u00e9ricain Neilson Powless. \u00abWout me para\u00eet plut\u00f4t bien. Il est dans le rythme. Je n\u2019ai pas vu la course (de mercredi) mais il semble qu\u2019ils (les Visma) aient fait une erreur en se montrant trop confiant. Il sera l\u00e0 dimanche\u00bb, a conclu Pogacar.<\/p>\n","protected":false},"excerpt":{"rendered":"\u00c0 l\u2019occasion d\u2019un point presse ce jeudi, \u00e0 trois jours du Tour des Flandres, le champion slov\u00e8ne a&hellip;\n","protected":false},"author":2,"featured_media":1581,"comment_status":"","ping_status":"","sticky":false,"template":"","format":"standard","meta":{"footnotes":""},"categories":[9],"tags":[1141,1142,207,1143,1011,27,60,1138,1140,1139,210],"class_list":{"0":"post-1580","1":"post","2":"type-post","3":"status-publish","4":"format-standard","5":"has-post-thumbnail","7":"category-sports","8":"tag-actualite-cyclisme","9":"tag-competition-cyclisme","10":"tag-cyclisme","11":"tag-cyclisme-actu","12":"tag-fr","13":"tag-france","14":"tag-sports","15":"tag-tadej-pogacar","16":"tag-tour-despagne","17":"tag-tour-ditalie","18":"tag-tour-de-france"},"share_on_mastodon":{"url":"https:\/\/pubeurope.com\/@fr\/114276445979910168","error":""},"_links":{"self":[{"href":"https:\/\/www.europesays.com\/fr\/wp-json\/wp\/v2\/posts\/1580","targetHints":{"allow":["GET"]}}],"collection":[{"href":"https:\/\/www.europesays.com\/fr\/wp-json\/wp\/v2\/posts"}],"about":[{"href":"https:\/\/www.europesays.com\/fr\/wp-json\/wp\/v2\/types\/post"}],"author":[{"embeddable":true,"href":"https:\/\/www.europesays.com\/fr\/wp-json\/wp\/v2\/users\/2"}],"replies":[{"embeddable":true,"href":"https:\/\/www.europesays.com\/fr\/wp-json\/wp\/v2\/comments?post=1580"}],"version-history":[{"count":0,"href":"https:\/\/www.europesays.com\/fr\/wp-json\/wp\/v2\/posts\/1580\/revisions"}],"wp:featuredmedia":[{"embeddable":true,"href":"https:\/\/www.europesays.com\/fr\/wp-json\/wp\/v2\/media\/1581"}],"wp:attachment":[{"href":"https:\/\/www.europesays.com\/fr\/wp-json\/wp\/v2\/media?parent=1580"}],"wp:term":[{"taxonomy":"category","embeddable":true,"href":"https:\/\/www.europesays.com\/fr\/wp-json\/wp\/v2\/categories?post=1580"},{"taxonomy":"post_tag","embeddable":true,"href":"https:\/\/www.europesays.com\/fr\/wp-json\/wp\/v2\/tags?post=1580"}],"curies":[{"name":"wp","href":"https:\/\/api.w.org\/{rel}","templated":true}]}}