{"id":158005,"date":"2025-06-07T02:38:17","date_gmt":"2025-06-07T02:38:17","guid":{"rendered":"https:\/\/www.europesays.com\/fr\/158005\/"},"modified":"2025-06-07T02:38:17","modified_gmt":"2025-06-07T02:38:17","slug":"cest-la-fin-de-france-2-et-france-3-internet-a-gagne-face-a-la-tv-frandroid","status":"publish","type":"post","link":"https:\/\/www.europesays.com\/fr\/158005\/","title":{"rendered":"C\u2019est la fin de France 2 et France 3 : Internet a gagn\u00e9 face \u00e0 la TV &#8211; Frandroid"},"content":{"rendered":"<ol>\n<li><a href=\"https:\/\/news.google.com\/rss\/articles\/CBMi4AFBVV95cUxOS085YU42TUV4aVBXWk5ETjZyY0QzeW9XdmRqUE1qS1VLcVdfSU1KY21sMWFQNTVlM2Y5OEFYWDl4bllLQjhZTGZ4NXB4aXE2UXRtbXE4dFBnNkpXd1I1MVlJd2JNVUNyVy0xYno0QXBlUEVVeGh1VWRZUlhUM2o4VUF6M1dlNGZSb0swY3hER1hNTi13bDV1WUVNcHJIR0xuX2hXd2JrSzhfRmptMDUyQnB6SkRmOWVtZHlSbXRnalpnSEJHajlYWmZaRVVvRElQbGZFWl9ILVVWM2FLYTY3bA?oc=5\" target=\"_blank\" rel=\"nofollow noopener\">C\u2019est la fin de France 2 et France 3 : Internet a gagn\u00e9 face \u00e0 la TV<\/a>&nbsp;&nbsp;Frandroid<\/li>\n<li><a href=\"https:\/\/news.google.com\/rss\/articles\/CBMi0gFBVV95cUxQbFdyeWlWUmJqTFl2LV9SOFEyaDl6VEtCS0xSVjhZSXVaQTZfcDdPSVI2SGl4YnVveUwta3hILXFyUUpDd1ZlbDhPZTBEOTUwa2ZINWo4ZEtsWnBrdTdlSWo3ajdLSWlTV3NoMFRUeEZDNDZNSFhGU1FmS2FrVHlQbkkxbW12MTRDVS1RSG1xX2VRdHdBWE5Jd1ZNOFVfX1Y0UUN2VlR1Z2NWMEZQZzVYMWY0M1RzbUludlRwMDZQZlhPVXNRcWt6aHhwVWViQUQ2eEE?oc=5\" target=\"_blank\" rel=\"nofollow noopener\">Canal+ sur la TNT : o\u00f9 retrouver la cha\u00eene crypt\u00e9e avec la nouvelle num\u00e9rotation ?<\/a>&nbsp;&nbsp;Sud Ouest<\/li>\n<li><a href=\"https:\/\/news.google.com\/rss\/articles\/CBMiywFBVV95cUxPQXgzV3dNRGFWRTRHZVU0UlNoeGthTGRqMFMyaGM0N3FpaUFrWjZIcmlDTHAyaTJLNWhsLTVKV0dtakdUN3k5UjNLd3IwbDNYc1dfaFc4eWU4VUJwUHNtdkxOcWVLU2t4UDdsOFFTd1g2MThXb3ZkZW9BclVuTWVuODJoYTZwd0NfMkxqVUF1UkhvWGd0X0NlT2J3YzFZSndCdWtPaS1TUFpCU0JZYlhaeUNNa1ZtLUJJQWJScVA5TFVmZVJNNElpQkZRZw?oc=5\" target=\"_blank\" rel=\"nofollow noopener\">France 2 et France 3, c\u2019est fini : voici les nouveaux noms des cha\u00eenes de France T\u00e9l\u00e9visions<\/a>&nbsp;&nbsp;Numerama<\/li>\n<li><a href=\"https:\/\/news.google.com\/rss\/articles\/CBMilwJBVV95cUxQaTN5ZXFoLW01eHhKVWlWWDRobVNTZlNTV3R5RnBPaS1vRHhhRDUxM3dNQUtJdU1ueFBBNFdNa3NGWlB4YjJwT19YR2lDUUNBcXJjeGctWnFYYmlHSW41R0pfUnhQaEhpLUs1X0RkNTFxcmd0ZzZMZmQ5TmtueU1IVlJMVWVzM3RvNDNYamhNYk9kdW50OFV2UVVZR3dHb3FJWnQ4MTFCVjMxRDhQNFAzWlBOMnBwSjZ5ckY1U0hmR3A2WFl6dTNpVW5OVnc5S2hvZlU0Qjk5QlJYS2xrTXdhS3hjSHpOb3VBTnNhLS14dWNEWVk4LWZHUmktOWliM3VuN1VWU0VrYzNmckJqeUVyZzRJaE9YQUE?oc=5\" target=\"_blank\" rel=\"nofollow noopener\">Nouvelle num\u00e9rotation TNT : notre cha\u00eene d&rsquo;information en continu franceinfo arrive aujourd&rsquo;hui sur le canal 16<\/a>&nbsp;&nbsp;France Info<\/li>\n<li><a href=\"https:\/\/news.google.com\/rss\/articles\/CBMiuwFBVV95cUxQR1NneGVlUXVXMGE3dkJBeVI4WHNLWm9nYmlIQlM2TWRBR3lyaXQtcUlFckNMZ0Y1aVp3bXFaR1puakNVb2lqMklabS1MMFhxNUNHNmstU29LVkJiMEowRkVGUHJONmY3dTBCaGQxMHBRbHlTc2FOWjVzMzZqS3hkQ3FTOTdCOGQ0Q2hWdnNYNndISzV3X05HSFUtUFljMHl5bF9uQlY0dFc2Q0duNEJnb1Y1UG01SW1QbDZR?oc=5\" target=\"_blank\" rel=\"nofollow noopener\">TNT : Que faire si je ne re\u00e7ois pas les nouvelles cha\u00eenes sur mon t\u00e9l\u00e9viseur ?<\/a>&nbsp;&nbsp;programme-tv.net<\/li>\n<\/ol>\n","protected":false},"excerpt":{"rendered":"C\u2019est la fin de France 2 et France 3 : Internet a gagn\u00e9 face \u00e0 la TV&nbsp;&nbsp;Frandroid Canal+&hellip;\n","protected":false},"author":2,"featured_media":158006,"comment_status":"","ping_status":"","sticky":false,"template":"","format":"standard","meta":{"footnotes":""},"categories":[2],"tags":[11,270,1011,27,22198,12,25],"class_list":{"0":"post-158005","1":"post","2":"type-post","3":"status-publish","4":"format-standard","5":"has-post-thumbnail","7":"category-actualites","8":"tag-actualites","9":"tag-breaking","10":"tag-fr","11":"tag-france","12":"tag-france-tv","13":"tag-news","14":"tag-republique-francaise"},"share_on_mastodon":{"url":"https:\/\/pubeurope.com\/@fr\/114639765820791173","error":""},"_links":{"self":[{"href":"https:\/\/www.europesays.com\/fr\/wp-json\/wp\/v2\/posts\/158005","targetHints":{"allow":["GET"]}}],"collection":[{"href":"https:\/\/www.europesays.com\/fr\/wp-json\/wp\/v2\/posts"}],"about":[{"href":"https:\/\/www.europesays.com\/fr\/wp-json\/wp\/v2\/types\/post"}],"author":[{"embeddable":true,"href":"https:\/\/www.europesays.com\/fr\/wp-json\/wp\/v2\/users\/2"}],"replies":[{"embeddable":true,"href":"https:\/\/www.europesays.com\/fr\/wp-json\/wp\/v2\/comments?post=158005"}],"version-history":[{"count":0,"href":"https:\/\/www.europesays.com\/fr\/wp-json\/wp\/v2\/posts\/158005\/revisions"}],"wp:featuredmedia":[{"embeddable":true,"href":"https:\/\/www.europesays.com\/fr\/wp-json\/wp\/v2\/media\/158006"}],"wp:attachment":[{"href":"https:\/\/www.europesays.com\/fr\/wp-json\/wp\/v2\/media?parent=158005"}],"wp:term":[{"taxonomy":"category","embeddable":true,"href":"https:\/\/www.europesays.com\/fr\/wp-json\/wp\/v2\/categories?post=158005"},{"taxonomy":"post_tag","embeddable":true,"href":"https:\/\/www.europesays.com\/fr\/wp-json\/wp\/v2\/tags?post=158005"}],"curies":[{"name":"wp","href":"https:\/\/api.w.org\/{rel}","templated":true}]}}