{"id":158007,"date":"2025-06-07T02:39:18","date_gmt":"2025-06-07T02:39:18","guid":{"rendered":"https:\/\/www.europesays.com\/fr\/158007\/"},"modified":"2025-06-07T02:39:18","modified_gmt":"2025-06-07T02:39:18","slug":"filmer-un-accident-sur-lautoroute-a-coute-tres-cher-a-ces-109-automobilistes","status":"publish","type":"post","link":"https:\/\/www.europesays.com\/fr\/158007\/","title":{"rendered":"Filmer un accident sur l\u2019autoroute a co\u00fbt\u00e9 tr\u00e8s cher \u00e0 ces 109\u00a0automobilistes"},"content":{"rendered":"<p>        <img decoding=\"async\" loading=\"lazy\" src=\"https:\/\/www.europesays.com\/fr\/wp-content\/uploads\/2025\/06\/10f7749_1658613826448-5d3abb6b2600004f00045864.jpeg\"  width=\"728\" height=\"485\" alt=\"Dans la Dr\u00f4me, filmer un accident sur l\u2019autoroute a co\u00fbt\u00e9 tr\u00e8s cher \u00e0 ces 109\u00a0automobilistes. (image d\u2019illustration)\"\/>  <\/p>\n<p>globalmoments via Getty Images<\/p>\n<p>Dans la Dr\u00f4me, filmer un accident sur l\u2019autoroute a co\u00fbt\u00e9 tr\u00e8s cher \u00e0 ces 109\u00a0automobilistes. (image d\u2019illustration)<\/p>\n<p class=\"asset asset-text\">AMENDE &#8211; Ils auraient mieux fait de rester concentr\u00e9s sur la route. Quelque 109\u00a0automobilistes ont re\u00e7u une <a href=\"https:\/\/www.huffingtonpost.fr\/politique\/video\/une-amende-pour-avoir-paye-le-peage-avec-le-telephone-emmanuel-macron-promet-de-regler-ca_245208.html\" target=\"_blank\" rel=\"noopener\">amende<\/a> de 135\u00a0euros et se voient retirer trois points de permis pour avoir utilis\u00e9 leur t\u00e9l\u00e9phone au volant\u2026 dans un contexte un peu particulier. Tous ont \u00e9t\u00e9 identifi\u00e9s en train de filmer ou photographier avec leur smartphone un camion renvers\u00e9 sur l\u2019autoroute A7\u00a0dans la <a href=\"https:\/\/www.huffingtonpost.fr\/faits-divers\/article\/dans-la-drome-une-enseignante-retrouvee-pendue-dans-son-ecole-a-barbieres-ce-que-l-on-sait_241278.html\" target=\"_blank\" rel=\"noopener\">Dr\u00f4me<\/a>, a indiqu\u00e9 la gendarmerie ce vendredi 6\u00a0juin.<\/p>\n<p class=\"asset asset-text\">Jeudi 5\u00a0juin dans la matin\u00e9e, un poids-lourd, dont le chauffeur s\u2019\u00e9tait endormi au volant, selon le quotidien <a href=\"https:\/\/www.ledauphine.com\/faits-divers-justice\/2025\/06\/05\/poids-lourd-couche-sur-l-a7-plus-de-100-automobilistes-verbalises-pour-avoir-filme-l-accident\" target=\"_blank\" rel=\"noopener\" title=\"Nouvelle fen\u00eatre\">Le Dauphin\u00e9 lib\u00e9r\u00e9<\/a>, s\u2019\u00e9tait couch\u00e9 sur l\u2019\u00ab\u00a0autoroute du soleil\u00a0\u00bb, l\u2019une des plus fr\u00e9quent\u00e9es de France, au niveau de La Roche-de-Glun, entre Tain-l\u2019Hermitage et Valence. Une sc\u00e8ne immortalis\u00e9e par de nombreux conducteurs ind\u00e9licats, dont les v\u00e9hicules ralentis contribuent souvent \u00e0 aggraver les bouchons en cas d\u2019accident. Ils n\u2019ont pas \u00e9t\u00e9 arr\u00eat\u00e9s sur le moment, mais l\u2019infraction a \u00e9t\u00e9 relev\u00e9e \u00ab\u00a0visuellement\u00a0\u00bb par les militaires occup\u00e9s \u00e0 s\u00e9curiser les op\u00e9rations de relevage du poids-lourd.<\/p>\n<p class=\"asset asset-text\">Les 109 contrevenants surpris dans les deux sens \u00ab\u00a0<a href=\"https:\/\/www.huffingtonpost.fr\/tech-futurs\/video\/la-bbc-s-est-procure-un-telephone-nord-coreen-et-c-est-une-veritable-dictature-de-poche_250863.html\" target=\"_blank\" rel=\"noopener\">t\u00e9l\u00e9phone<\/a> en main\u00a0\u00bb par les gendarmes de l\u2019EDSR, selon la proc\u00e9dure dite de la verbalisation \u00e0 la vol\u00e9e \u2013 sans intercepter les v\u00e9hicules mais en relevant leur plaque d\u2019immatriculation \u2013 recevront l\u2019amende automatis\u00e9e, a expliqu\u00e9 \u00e0 l\u2019AFP le capitaine St\u00e9phane Albano, commandant en second de l\u2019Escadron d\u00e9partemental de s\u00e9curit\u00e9 routi\u00e8re (EDSR) de la Dr\u00f4me confirmant une information du Dauphin\u00e9 Lib\u00e9r\u00e9.<\/p>\n<p class=\"asset asset-text\">L\u2019infraction ne concerne que les conducteurs, pour usage du t\u00e9l\u00e9phone en main au volant, pas les passagers, a pr\u00e9cis\u00e9 l\u2019officier. L\u2019amende est minor\u00e9e \u00e0 90\u00a0euros si le paiement est effectu\u00e9 sous 15 jours apr\u00e8s r\u00e9ception du courrier. Le chauffeur du camion accident\u00e9 a \u00e9t\u00e9 l\u00e9g\u00e8rement bless\u00e9 selon Le Dauphin\u00e9 Lib\u00e9r\u00e9, qui pr\u00e9cise qu\u2019un gigantesque bouchon dans les deux sens a \u00e9t\u00e9 provoqu\u00e9 par les op\u00e9rations de relevage du semi-remorque et de nettoyage de la chauss\u00e9e.<\/p>\n","protected":false},"excerpt":{"rendered":"globalmoments via Getty Images Dans la Dr\u00f4me, filmer un accident sur l\u2019autoroute a co\u00fbt\u00e9 tr\u00e8s cher \u00e0 ces&hellip;\n","protected":false},"author":2,"featured_media":158008,"comment_status":"","ping_status":"","sticky":false,"template":"","format":"standard","meta":{"footnotes":""},"categories":[2],"tags":[119,11,7087,4691,1011,27,12,25,319,4752],"class_list":{"0":"post-158007","1":"post","2":"type-post","3":"status-publish","4":"format-standard","5":"has-post-thumbnail","7":"category-actualites","8":"tag-accident","9":"tag-actualites","10":"tag-amende","11":"tag-automobilistes","12":"tag-fr","13":"tag-france","14":"tag-news","15":"tag-republique-francaise","16":"tag-telephone","17":"tag-voiture"},"share_on_mastodon":{"url":"https:\/\/pubeurope.com\/@fr\/114639769705605414","error":""},"_links":{"self":[{"href":"https:\/\/www.europesays.com\/fr\/wp-json\/wp\/v2\/posts\/158007","targetHints":{"allow":["GET"]}}],"collection":[{"href":"https:\/\/www.europesays.com\/fr\/wp-json\/wp\/v2\/posts"}],"about":[{"href":"https:\/\/www.europesays.com\/fr\/wp-json\/wp\/v2\/types\/post"}],"author":[{"embeddable":true,"href":"https:\/\/www.europesays.com\/fr\/wp-json\/wp\/v2\/users\/2"}],"replies":[{"embeddable":true,"href":"https:\/\/www.europesays.com\/fr\/wp-json\/wp\/v2\/comments?post=158007"}],"version-history":[{"count":0,"href":"https:\/\/www.europesays.com\/fr\/wp-json\/wp\/v2\/posts\/158007\/revisions"}],"wp:featuredmedia":[{"embeddable":true,"href":"https:\/\/www.europesays.com\/fr\/wp-json\/wp\/v2\/media\/158008"}],"wp:attachment":[{"href":"https:\/\/www.europesays.com\/fr\/wp-json\/wp\/v2\/media?parent=158007"}],"wp:term":[{"taxonomy":"category","embeddable":true,"href":"https:\/\/www.europesays.com\/fr\/wp-json\/wp\/v2\/categories?post=158007"},{"taxonomy":"post_tag","embeddable":true,"href":"https:\/\/www.europesays.com\/fr\/wp-json\/wp\/v2\/tags?post=158007"}],"curies":[{"name":"wp","href":"https:\/\/api.w.org\/{rel}","templated":true}]}}