{"id":158009,"date":"2025-06-07T02:40:16","date_gmt":"2025-06-07T02:40:16","guid":{"rendered":"https:\/\/www.europesays.com\/fr\/158009\/"},"modified":"2025-06-07T02:40:16","modified_gmt":"2025-06-07T02:40:16","slug":"la-france-ne-vend-pas-darmes-a-israel-reaffirme-sebastien-lecornu","status":"publish","type":"post","link":"https:\/\/www.europesays.com\/fr\/158009\/","title":{"rendered":"La France ne vend pas d&rsquo;armes \u00e0 Isra\u00ebl, r\u00e9affirme S\u00e9bastien Lecornu"},"content":{"rendered":"<p>Le ministre des Arm\u00e9es a argu\u00e9 \u00abqu\u2019Isra\u00ebl est un des principaux concurrents des industries fran\u00e7aises\u00bb, alors que des dockers du port de Marseille ont refus\u00e9 de charger un conteneur rempli de composants militaires sur un navire \u00e0 destination de Ha\u00effa.<\/p>\n<p class=\"fig-paragraph\">La France a une position \u00abclaire\u00bb qui est de ne pas vendre d&rsquo;armes \u00e0 Isra\u00ebl, a d\u00e9clar\u00e9 vendredi soir le ministre des Arm\u00e9es S\u00e9bastien Lecornu, apr\u00e8s\u00a0<a href=\"http:\/\/www.lefigaro.fr\/marseille\/marseille-deux-nouveaux-conteneurs-de-composants-militaires-en-partance-pour-israel-bloques-par-les-dockers-20250605\" target=\"_blank\" data-fig-type=\"NewsFlash\" rel=\"noopener\" data-gtm-custom-categorie=\"navigation\" data-gtm-custom-action=\"crossclick\" data-gtm-custom-label=\"Contextuel\" data-gtm-event=\"customEventSPE\" data-fig-domain=\"LEFIGARO\">le refus de dockers du port de Marseille (sud-est)<\/a>\u00a0de charger sur un navire \u00e0 destination de Ha\u00effa un conteneur rempli de composants militaires. \u00abLa position de la France est on ne peut plus claire. Il n&rsquo;y a pas d&rsquo;armes vendues \u00e0 Isra\u00ebl. Et pour cause, Isra\u00ebl est un des principaux concurrents des industries fran\u00e7aises\u00bb, a affirm\u00e9 S\u00e9bastien Lecornu sur la cha\u00eene de t\u00e9l\u00e9vision LCI.<\/p>\n<p class=\"fig-paragraph\">Seuls des \u00abcomposants\u00bb destin\u00e9s au \u00abD\u00f4me de fer\u00bb, l&rsquo;un des syst\u00e8mes de d\u00e9fense isra\u00e9lien qui prot\u00e8ge le pays des attaques de missiles, roquettes et drones, ou des \u00ab\u00e9l\u00e9ments pour la r\u00e9exportation\u00bb sont vendus \u00e0 Isra\u00ebl, a-t-il ajout\u00e9. Dans ce dernier cas, \u00abcertaines choses partent en Isra\u00ebl, font l&rsquo;objet d&rsquo;une intervention industrielle et sont souvent r\u00e9export\u00e9es. Parfois m\u00eame, d&rsquo;ailleurs, en France. Et tout cela fait l&rsquo;objet d&rsquo;un contr\u00f4le\u00bb, a assur\u00e9 le ministre.<\/p>\n<p>Conteneurs avec des pi\u00e8ces pour fusils-mitrailleurs<\/p>\n<p class=\"fig-paragraph\">Mercredi et jeudi, les dockers de Marseille-Fos\u00a0<a href=\"http:\/\/www.lefigaro.fr\/marseille\/marseille-les-dockers-refusent-de-charger-des-composants-militaires-destines-a-israel-20250604\" target=\"_blank\" data-fig-type=\"NewsFlash\" rel=\"noopener\" data-gtm-custom-categorie=\"navigation\" data-gtm-custom-action=\"crossclick\" data-gtm-custom-label=\"Contextuel\" data-gtm-event=\"customEventSPE\" data-fig-domain=\"LEFIGARO\">ont refus\u00e9 de charger \u00e0 bord d&rsquo;un navire dont la destination finale<\/a>\u00a0est Ha\u00effa en Isra\u00ebl, des conteneurs avec des pi\u00e8ces pour fusils-mitrailleurs fabriqu\u00e9es par l&rsquo;entreprise marseillaise Eurolinks, afin de ne pas \u00abparticiper au g\u00e9nocide en cours orchestr\u00e9 par le gouvernement isra\u00e9lien\u00bb. Le navire a quitt\u00e9 le port vendredi sans les conteneurs litigieux, a indiqu\u00e9 un op\u00e9rateur portuaire \u00e0 l&rsquo;AFP.<\/p>\n<p class=\"fig-paragraph\">\u00abNous ne livrons pas de mat\u00e9riel militaire utilis\u00e9 \u00e0 Gaza\u00bb, a \u00e9galement affirm\u00e9 vendredi matin le chef de la diplomatie fran\u00e7aise Jean-No\u00ebl Barrot sur la radio RTL, avant de citer \u00abdeux exceptions\u00bb. \u00abCe sont les composantes qui permettent \u00e0 Isra\u00ebl de se d\u00e9fendre, notamment avec le D\u00f4me de fer\u00bb et \u00abil y a du mat\u00e9riel qui peut \u00eatre assembl\u00e9 en Isra\u00ebl, mais qui a vocation \u00e0 \u00eatre r\u00e9export\u00e9\u00bb, a-t-il ajout\u00e9. Toutefois, si le mat\u00e9riel militaire d&rsquo;Eurolinks \u00e9tait utilis\u00e9 \u00e0 Gaza \u00abl&rsquo;entreprise qui l&rsquo;exporte se placerait en contravention vis-\u00e0-vis du droit\u00bb, a-t-il dit.<\/p>\n","protected":false},"excerpt":{"rendered":"Le ministre des Arm\u00e9es a argu\u00e9 \u00abqu\u2019Isra\u00ebl est un des principaux concurrents des industries fran\u00e7aises\u00bb, alors que des&hellip;\n","protected":false},"author":2,"featured_media":158010,"comment_status":"","ping_status":"","sticky":false,"template":"","format":"standard","meta":{"footnotes":""},"categories":[4],"tags":[259,11,260,6376,1011,27,14,664,261,12,262,25],"class_list":{"0":"post-158009","1":"post","2":"type-post","3":"status-publish","4":"format-standard","5":"has-post-thumbnail","7":"category-france","8":"tag-actualite-internationale","9":"tag-actualites","10":"tag-affaires-etrangeres","11":"tag-armes","12":"tag-fr","13":"tag-france","14":"tag-international","15":"tag-israel","16":"tag-ministere-des-affaires-etrangeres","17":"tag-news","18":"tag-politique-etrangere","19":"tag-republique-francaise"},"share_on_mastodon":{"url":"https:\/\/pubeurope.com\/@fr\/114639773570769889","error":""},"_links":{"self":[{"href":"https:\/\/www.europesays.com\/fr\/wp-json\/wp\/v2\/posts\/158009","targetHints":{"allow":["GET"]}}],"collection":[{"href":"https:\/\/www.europesays.com\/fr\/wp-json\/wp\/v2\/posts"}],"about":[{"href":"https:\/\/www.europesays.com\/fr\/wp-json\/wp\/v2\/types\/post"}],"author":[{"embeddable":true,"href":"https:\/\/www.europesays.com\/fr\/wp-json\/wp\/v2\/users\/2"}],"replies":[{"embeddable":true,"href":"https:\/\/www.europesays.com\/fr\/wp-json\/wp\/v2\/comments?post=158009"}],"version-history":[{"count":0,"href":"https:\/\/www.europesays.com\/fr\/wp-json\/wp\/v2\/posts\/158009\/revisions"}],"wp:featuredmedia":[{"embeddable":true,"href":"https:\/\/www.europesays.com\/fr\/wp-json\/wp\/v2\/media\/158010"}],"wp:attachment":[{"href":"https:\/\/www.europesays.com\/fr\/wp-json\/wp\/v2\/media?parent=158009"}],"wp:term":[{"taxonomy":"category","embeddable":true,"href":"https:\/\/www.europesays.com\/fr\/wp-json\/wp\/v2\/categories?post=158009"},{"taxonomy":"post_tag","embeddable":true,"href":"https:\/\/www.europesays.com\/fr\/wp-json\/wp\/v2\/tags?post=158009"}],"curies":[{"name":"wp","href":"https:\/\/api.w.org\/{rel}","templated":true}]}}