{"id":158029,"date":"2025-06-07T02:52:12","date_gmt":"2025-06-07T02:52:12","guid":{"rendered":"https:\/\/www.europesays.com\/fr\/158029\/"},"modified":"2025-06-07T02:52:12","modified_gmt":"2025-06-07T02:52:12","slug":"pape-san-lance-une-campagne-de-crowdfunding-pour-son-livre-photo-sur-la-coree","status":"publish","type":"post","link":"https:\/\/www.europesays.com\/fr\/158029\/","title":{"rendered":"Pape San lance une campagne de crowdfunding pour son livre photo sur la Cor\u00e9e"},"content":{"rendered":"<p><strong>Influenceurs.\u00a0<\/strong>Avant d\u2019\u00eatre des cr\u00e9ateurs de contenu sur les r\u00e9seaux sociaux, ce sont bien souvent des passionn\u00e9s de maquillage, de cin\u00e9ma, de cuisine, ou encore de sport. C\u2019est cette passion qui les pousse \u00e0 cr\u00e9er du contenu et \u00e0 f\u00e9d\u00e9rer une communaut\u00e9. Donc, il n\u2019est pas \u00e9tonnant de les voir se lancer dans l\u2019entrepreneuriat, en ouvrant des marques, ou en \u00e9laborant des projets qui leur ressemblent.<\/p>\n<p>Par exemple, L\u00e9na Situations a imagin\u00e9 <a href=\"https:\/\/gensdinternet.fr\/2025\/04\/08\/a-quoi-ressemble-le-pop-up-de-lhotel-mahfouf-de-lena-situations-au-bhv-a-paris\/\" rel=\"nofollow noopener\" target=\"_blank\">H\u00f4tel Mahfouf<\/a>, sa marque de pr\u00eat-\u00e0-porter, Marion Cam\u00e9l\u00e9on a mis des ann\u00e9es avant d\u2019\u00e9laborer <a href=\"https:\/\/gensdinternet.fr\/2025\/04\/08\/glitch-beauty-de-marion-cameleon-a-teste-tiktok-shop-et-voici-les-resultats\/\" rel=\"nofollow noopener\" target=\"_blank\">Glitch Beauty<\/a>, et Cyprien a r\u00e9cemment r\u00e9alis\u00e9 son r\u00eave, en dessinant sa propre<a href=\"https:\/\/gensdinternet.fr\/2025\/06\/04\/cyprien-presente-sa-nouvelle-bande-dessinee-le-pire-guide-du-japon\/\" rel=\"nofollow noopener\" target=\"_blank\"> bande dessin\u00e9e sur le Japon<\/a>. C\u2019est ce genre de projet qui pla\u00eet le plus aux communaut\u00e9s.<\/p>\n<p>Le 5 juin, un autre cr\u00e9ateur de contenu d\u00e9voile un projet tr\u00e8s personnel. Il s\u2019agit de Pape San, qui a annonc\u00e9 l\u2019ouverture des pr\u00e9commandes pour son livre photo sur la Cor\u00e9e du Sud, baptis\u00e9 Euljiro. Pour ce faire, il lance un financement participatif sur Ulule et une exposition photo \u00e0 Paris pour pr\u00e9senter son travail.<\/p>\n<blockquote class=\"instagram-media\" data-instgrm-captioned=\"\" data-instgrm-permalink=\"https:\/\/www.instagram.com\/reel\/DKhVkpZCD3B\/?utm_source=ig_embed&amp;utm_campaign=loading\" data-instgrm-version=\"14\" style=\" background:#FFF; border:0; border-radius:3px; box-shadow:0 0 1px 0 rgba(0,0,0,0.5),0 1px 10px 0 rgba(0,0,0,0.15); margin: 1px; max-width:640px; min-width:326px; padding:0; width:99.375%; width:-webkit-calc(100% - 2px); width:calc(100% - 2px);\">\n<\/blockquote>\n<p>Pape San vise un objectif de 29.000 euros pour imprimer 1000 exemplaires Euljiro<\/p>\n<p>Pour Pape San, la photographie est une passion qui l\u2019anime depuis tr\u00e8s longtemps. Install\u00e9 en Cor\u00e9e du Sud depuis 2017, il adore documenter la vie quotidienne dans les quartiers plein de vie. Pour lui, c\u2019est une fa\u00e7on de \u00ab\u00a0t\u00e9moigner, de ralentir, de rendre hommage\u00a0\u00bb, comme il l\u2019explique dans la description de son projet. \u00ab\u00a0Je n\u2019ai jamais \u00e9t\u00e9 aussi stress\u00e9 de ma vie\u00a0\u00bb, avoue-t-il dans sa story<a href=\"https:\/\/gensdinternet.fr\/?s=instagram\" rel=\"nofollow noopener\" target=\"_blank\"> Instagram<\/a>.<\/p>\n<p>Il annonce le lancement du financement participatif de son livre, Euljiro, avec un fonctionnement bien pr\u00e9cis. Euljiro est un livre photo qui documente son quartier pr\u00e9f\u00e9r\u00e9 dans le vieux S\u00e9oul, Euljiro, \u00e0 travers les yeux des personnes \u00e2g\u00e9s, une tranche d\u2019\u00e2ge un peu oubli\u00e9e. Son objectif est de raconter leurs histoires \u00e0 travers ses photos, \u00ab\u00a0sans nostalgie ni mis\u00e9rabilisme, mais avec tendresse, humour et respect\u00a0\u00bb, affirme-t-il. Le projet se compose de 152 pages, qu\u2019il d\u00e9crit comme \u00ab\u00a0une balade humaine\u00a0\u00bb. Les photos ont \u00e9t\u00e9 prises \u00e0 l\u2019aide d\u2019un appareil num\u00e9rique, et d\u2019un argentique. En plus du lancement de son livre, Pape San annonce l\u2019ouverture prochaine de son exposition pour d\u00e9couvrir les clich\u00e9s d\u2019Euljiro en grand format. L\u2019\u00e9v\u00e9nement se d\u00e9roule \u00e0 Paris, du 20 au 22 juin dans le 3e arrondissement de Paris.<\/p>\n<blockquote class=\"instagram-media\" data-instgrm-captioned=\"\" data-instgrm-permalink=\"https:\/\/www.instagram.com\/reel\/DKfNBkoC5Xj\/?utm_source=ig_embed&amp;utm_campaign=loading\" data-instgrm-version=\"14\" style=\" background:#FFF; border:0; border-radius:3px; box-shadow:0 0 1px 0 rgba(0,0,0,0.5),0 1px 10px 0 rgba(0,0,0,0.15); margin: 1px; max-width:640px; min-width:326px; padding:0; width:99.375%; width:-webkit-calc(100% - 2px); width:calc(100% - 2px);\">\n<\/blockquote>\n<p>La pr\u00e9commande sur Ulule est la seule fa\u00e7on de se procurer son livre photo. Pape San pr\u00e9cise sur les <a href=\"https:\/\/gensdinternet.fr\/?s=r%C3%A9seaux+sociaux\" rel=\"nofollow noopener\" target=\"_blank\">r\u00e9seaux sociaux<\/a> qu\u2019il ne sera pas mis en vente dans le commerce. L\u2019objectif principal est fix\u00e9 \u00e0 29.000 euros, ce qui lui permet d\u2019imprimer 1000 livres dont 50 coffrets fait \u00e0 la main, qui seront envoy\u00e9s \u00e0 partir de septembre 2025. Le second palier se situe \u00e0 80.000 euros, pour lui permettre de faire un tour de France pour d\u00e9dicacer Euljiro. Pape San a mis en place plusieurs packs, qui vont de 50 euros, pour un exemplaire du livre, \u00e0 360 euros, pour une exp\u00e9rience compl\u00e8te qui comprend notamment un workshop sur la photographie avec le cr\u00e9ateur de contenu. Au moment o\u00f9 nous \u00e9crivons ces lignes, Pape San a r\u00e9colt\u00e9 149 contributions et plus de 11.000 euros dans sa cagnotte.<\/p>\n<p><strong>\u00c0 voir aussi:<\/strong><\/p>\n<p>\t    <script async src=\"\/\/www.instagram.com\/embed.js\"><\/script><\/p>\n","protected":false},"excerpt":{"rendered":"Influenceurs.\u00a0Avant d\u2019\u00eatre des cr\u00e9ateurs de contenu sur les r\u00e9seaux sociaux, ce sont bien souvent des passionn\u00e9s de maquillage,&hellip;\n","protected":false},"author":2,"featured_media":158030,"comment_status":"","ping_status":"","sticky":false,"template":"","format":"standard","meta":{"footnotes":""},"categories":[1357],"tags":[1379,58,59,1011,27,2003,1380,938],"class_list":{"0":"post-158029","1":"post","2":"type-post","3":"status-publish","4":"format-standard","5":"has-post-thumbnail","7":"category-livres","8":"tag-books","9":"tag-divertissement","10":"tag-entertainment","11":"tag-fr","12":"tag-france","13":"tag-livre","14":"tag-livres","15":"tag-reseaux-sociaux"},"share_on_mastodon":{"url":"https:\/\/pubeurope.com\/@fr\/114639820850157413","error":""},"_links":{"self":[{"href":"https:\/\/www.europesays.com\/fr\/wp-json\/wp\/v2\/posts\/158029","targetHints":{"allow":["GET"]}}],"collection":[{"href":"https:\/\/www.europesays.com\/fr\/wp-json\/wp\/v2\/posts"}],"about":[{"href":"https:\/\/www.europesays.com\/fr\/wp-json\/wp\/v2\/types\/post"}],"author":[{"embeddable":true,"href":"https:\/\/www.europesays.com\/fr\/wp-json\/wp\/v2\/users\/2"}],"replies":[{"embeddable":true,"href":"https:\/\/www.europesays.com\/fr\/wp-json\/wp\/v2\/comments?post=158029"}],"version-history":[{"count":0,"href":"https:\/\/www.europesays.com\/fr\/wp-json\/wp\/v2\/posts\/158029\/revisions"}],"wp:featuredmedia":[{"embeddable":true,"href":"https:\/\/www.europesays.com\/fr\/wp-json\/wp\/v2\/media\/158030"}],"wp:attachment":[{"href":"https:\/\/www.europesays.com\/fr\/wp-json\/wp\/v2\/media?parent=158029"}],"wp:term":[{"taxonomy":"category","embeddable":true,"href":"https:\/\/www.europesays.com\/fr\/wp-json\/wp\/v2\/categories?post=158029"},{"taxonomy":"post_tag","embeddable":true,"href":"https:\/\/www.europesays.com\/fr\/wp-json\/wp\/v2\/tags?post=158029"}],"curies":[{"name":"wp","href":"https:\/\/api.w.org\/{rel}","templated":true}]}}