{"id":158031,"date":"2025-06-07T02:53:12","date_gmt":"2025-06-07T02:53:12","guid":{"rendered":"https:\/\/www.europesays.com\/fr\/158031\/"},"modified":"2025-06-07T02:53:12","modified_gmt":"2025-06-07T02:53:12","slug":"quelle-celebrite-se-cachait-sous-le-costume-du-brocoli-et-a-ete-eliminee-ce-vendredi-6-juin","status":"publish","type":"post","link":"https:\/\/www.europesays.com\/fr\/158031\/","title":{"rendered":"Quelle c\u00e9l\u00e9brit\u00e9 se cachait sous le costume du Brocoli et a \u00e9t\u00e9 \u00e9limin\u00e9e ce vendredi 6 juin ?"},"content":{"rendered":"<p>Une deuxi\u00e8me c\u00e9l\u00e9brit\u00e9 a d\u00e9voil\u00e9 son identit\u00e9 dans Mask Singer, ce vendredi 6 juin. Il s&rsquo;agit du Brocoli. D\u00e9couvrez qui se dissimulait derri\u00e8re ce costume !<\/p>\n<p>L&rsquo;\u00e9tau se resserre dans Mask Singer ! En d\u00e9but de soir\u00e9e ce 6 juin, il ne restait que sept c\u00e9l\u00e9brit\u00e9s en course dans le programme de TF1. Le Brocoli, la Vache, le Bison, la Girafe, le Chaton, le Cygne et la Porcelaine ont encore d\u00e9fendu leur place dans l&rsquo;\u00e9mission, ce vendredi, pour esp\u00e9rer succ\u00e9der au grand vainqueur de la saison derni\u00e8re,<a href=\"https:\/\/www.programme-tv.net\/news\/tv\/355628-avec-cette-emission-j-ai-montre-que-j-etais-plus-qu-un-beau-gosse-agustin-galiana-l-hippopotame-se-confie-sur-sa-victoire-dans-mask-singer\/\" data-api-deeplink=\"teleloisirs:\/\/news\/355628\" rel=\"nofollow noopener\" target=\"_blank\"> l&rsquo;Hippopotame<\/a>. Jusque-l\u00e0, <a href=\"https:\/\/www.programme-tv.net\/news\/tv\/378092-je-savais-que-patrick-sebastien-elimine-de-mask-singer-il-nous-devoile-son-gros-mensonge-concernant-l-emission-de-tf1\/\" data-api-deeplink=\"teleloisirs:\/\/news\/378092\" rel=\"nofollow noopener\" target=\"_blank\">Patrick S\u00e9bastien (le Rhino)<\/a>, <a href=\"https:\/\/www.programme-tv.net\/news\/tv\/378654-helene-rolles-le-bolide-elimine-de-mask-singer-j-ai-cache-ma-participation-a-mes-enfants-pour-leur-faire-une-surprise\/\" data-api-deeplink=\"teleloisirs:\/\/news\/378654\" rel=\"nofollow noopener\" target=\"_blank\">H\u00e9l\u00e8ne Roll\u00e8s (le Bolide)<\/a>, <a href=\"https:\/\/www.programme-tv.net\/news\/tv\/379218-jeanfi-janssens-l-autruche-elimine-de-mask-singer-j-ai-ete-etonne-que-chantal-ladesou-me-reconnaisse-en-premier\/\" data-api-deeplink=\"teleloisirs:\/\/news\/379218\" rel=\"nofollow noopener\" target=\"_blank\">Jeanfi Janssens (l&rsquo;Autruche),<\/a> <a href=\"https:\/\/www.programme-tv.net\/news\/tv\/379783-marie-ange-nardi-la-dame-de-coeur-eliminee-de-mask-singer-mon-mari-se-doutait-de-quelque-chose\/\" data-api-deeplink=\"teleloisirs:\/\/news\/379783\" rel=\"nofollow noopener\" target=\"_blank\">Marie-Ange Nardi (la Dame de c\u0153ur)<\/a>, <a href=\"https:\/\/www.programme-tv.net\/news\/tv\/379787-philippe-candeloro-elimine-de-mask-singer-ne-devait-pas-etre-dans-le-costume-du-fraisier-il-y-a-eu-un-changement-de-derniere-minute\/\" data-api-deeplink=\"teleloisirs:\/\/news\/379787\" rel=\"nofollow noopener\" target=\"_blank\">Philippe Candeloro (le Fraisier)<\/a> et<a href=\"https:\/\/www.programme-tv.net\/news\/tv\/380091-mask-singer-2025-quelle-celebrite-se-cachait-sous-le-costume-du-panda-roux-et-a-ete-eliminee-ce-vendredi-30-mai\/\" data-api-deeplink=\"teleloisirs:\/\/news\/380091\" rel=\"nofollow noopener\" target=\"_blank\"> Romane Dicko (le Panda Roux)<\/a> se sont d\u00e9masqu\u00e9s. Deux stars internationales ont aussi accept\u00e9 de se pr\u00eater au jeu, <a href=\"https:\/\/www.programme-tv.net\/news\/tv\/378586-exclu-ces-gars-sont-fantastiques-shaggy-le-cyclope-dans-mask-singer-nousrevele-avec-qui-il-s-est-particulierement-bien-entendu-dans-les-coulisses\/\" data-api-deeplink=\"teleloisirs:\/\/news\/378586\" rel=\"nofollow noopener\" target=\"_blank\">Shaggy (le Cyclope)<\/a> et<a href=\"https:\/\/www.programme-tv.net\/news\/tv\/379102-exclu-en-coulisses-quand-j-ai-vu-donald-trump-la-toya-jackson-l-imperatrice-dans-mask-singer-surprise-de-decouvrir-le-president-dans-son-portrait\/\" data-api-deeplink=\"teleloisirs:\/\/news\/379102\" rel=\"nofollow noopener\" target=\"_blank\"> La Toya Jackson (l&rsquo;Imp\u00e9ratrice). <\/a><\/p>\n<p>Plusieurs c\u00e9l\u00e9brit\u00e9s ont d\u00e9j\u00e0 \u00e9t\u00e9 d\u00e9masqu\u00e9es par les enqu\u00eateurs dans Mask Singer<\/p>\n<p>De lourds soup\u00e7ons p\u00e8sent sur plusieurs personnages. Laurent Ruquier pense avoir d\u00e9masqu\u00e9<a href=\"https:\/\/www.programme-tv.net\/news\/tv\/378071-mask-singer-2025-qui-est-le-brocoli-les-telespectateurs-sont-persuades-de-savoir-qui-se-cache-sous-le-costume\/\" data-api-deeplink=\"teleloisirs:\/\/news\/378071\" rel=\"nofollow noopener\" target=\"_blank\"> le Brocoli, il s&rsquo;agirait du youtubeur, LeBouseuh<\/a>. Le Cygne fait aussi la quasi unanimit\u00e9 parmi les enqu\u00eateurs, qui pensent \u00e0 la chanteuse Anne Sila, qui avait gagn\u00e9 l&rsquo;\u00e9dition anniversaire de The Voice.<a href=\"https:\/\/www.programme-tv.net\/news\/tv\/379670-mask-singer-2025-qui-se-cache-sous-le-costume-de-la-porcelaine-les-indices-et-nos-pronostics\/\" data-api-deeplink=\"teleloisirs:\/\/news\/379670\" rel=\"nofollow noopener\" target=\"_blank\"> La Porcelaine est arriv\u00e9e en cours de saison, <\/a>mais elle a \u00e9t\u00e9 quasi reconnue imm\u00e9diatement. Les juges penchent pour <a href=\"https:\/\/www.programme-tv.net\/biographie\/204221-gregorio-michael\/\" data-link-people=\"abf704ba-bde6-4c91-a604-8b2a96a77c9c\" rel=\"nofollow noopener\" target=\"_blank\">Michael Gregorio<\/a>. Dans leur qu\u00eate d&rsquo;indices, ils ont \u00e9t\u00e9 aid\u00e9s, la semaine derni\u00e8re, par la participation exceptionnelle, d&rsquo;un enqu\u00eateur myst\u00e8re. <a href=\"https:\/\/www.programme-tv.net\/biographie\/136618-ducret-arnaud\/\" data-link-people=\"c6ccd587-fb2e-4cc2-accb-79e36dc93d94\" rel=\"nofollow noopener\" target=\"_blank\">Arnaud Ducret<\/a> avait rev\u00eatu le costume du Hamburger. Ce vendredi 6 juin, c&rsquo;est <a href=\"https:\/\/www.programme-tv.net\/biographie\/131153-cordula-cristina\/\" data-link-people=\"4411a94a-ce81-4a45-928b-18939a43df5f\" rel=\"nofollow noopener\" target=\"_blank\">Cristina Cordula<\/a>, grim\u00e9e en sorci\u00e8re, qui leur a pr\u00eat\u00e9 main forte et leur a fait partager ses intuitions.<\/p>\n<p>                        Qui se cachait sous le costume du Brocoli et a \u00e9t\u00e9 \u00e9limin\u00e9 ce vendredi 6 juin de Mask Singer ?<\/p>\n<p>Pour cette nouvelle semaine de comp\u00e9tition, Mask Singer rendait hommage \u00e0 Harry Potter avec une sp\u00e9ciale sorcellerie. Cette th\u00e9matique n&rsquo;a pas port\u00e9 chance au Brocoli. En ballotage face au Cygne et \u00e0 la Girafe, il a \u00e9t\u00e9 le deuxi\u00e8me candidat de la soir\u00e9e \u00e0 se d\u00e9masquer apr\u00e8s <a href=\"https:\/\/www.programme-tv.net\/news\/tv\/380591-mask-singer-2025-quelle-celebrite-se-cachait-sous-le-costume-de-la-porcelaine-et-a-ete-eliminee-ce-vendredi-6-juin\/\" data-api-deeplink=\"teleloisirs:\/\/news\/380591\" rel=\"nofollow noopener\" target=\"_blank\">la Porcelaine, qui \u00e9tait Micha\u00ebl Gr\u00e9gorio<\/a>. <b>Sous le costume du Brocoli se cachait LeBouseuh, comme l&rsquo;avaient suppos\u00e9 les enqu\u00eateurs derni\u00e8rement. <\/b>Plusieurs indices permettaient de le reconna\u00eetre facilement, notamment le mot YouTube d\u00e9couvert par Laurent Ruquier, ce vendredi 6 juin.<\/p>\n<p><img decoding=\"async\" src=\"https:\/\/www.europesays.com\/fr\/wp-content\/uploads\/2025\/06\/thumbnail.jpg\" alt=\"\" data-id=\"\"\/>Capture TF1<\/p>\n","protected":false},"excerpt":{"rendered":"Une deuxi\u00e8me c\u00e9l\u00e9brit\u00e9 a d\u00e9voil\u00e9 son identit\u00e9 dans Mask Singer, ce vendredi 6 juin. Il s&rsquo;agit du Brocoli.&hellip;\n","protected":false},"author":2,"featured_media":158032,"comment_status":"","ping_status":"","sticky":false,"template":"","format":"standard","meta":{"footnotes":""},"categories":[1356],"tags":[193,6788,244,58,59,1011,27,6787,25363,1759,17474,5983,17475,17473,6569,252,199,2175,1364,6789],"class_list":{"0":"post-158031","1":"post","2":"type-post","3":"status-publish","4":"format-standard","5":"has-post-thumbnail","7":"category-television","8":"tag-camille-combal","9":"tag-chantal-ladesou","10":"tag-commentaire","11":"tag-divertissement","12":"tag-entertainment","13":"tag-fr","14":"tag-france","15":"tag-kev-adams","16":"tag-lenquu00eate-continue","17":"tag-laurent-ruquier","18":"tag-lenquu00eate-continue-e01-1098702566","19":"tag-mask-singer","20":"tag-mask-singer-02062023-2110-tf1","21":"tag-mask-singer-e01-1098702519","22":"tag-streamers","23":"tag-television","24":"tag-tf1","25":"tag-tl-story","26":"tag-tv","27":"tag-u00c9lodie-poux"},"share_on_mastodon":{"url":"https:\/\/pubeurope.com\/@fr\/114639824755210658","error":""},"_links":{"self":[{"href":"https:\/\/www.europesays.com\/fr\/wp-json\/wp\/v2\/posts\/158031","targetHints":{"allow":["GET"]}}],"collection":[{"href":"https:\/\/www.europesays.com\/fr\/wp-json\/wp\/v2\/posts"}],"about":[{"href":"https:\/\/www.europesays.com\/fr\/wp-json\/wp\/v2\/types\/post"}],"author":[{"embeddable":true,"href":"https:\/\/www.europesays.com\/fr\/wp-json\/wp\/v2\/users\/2"}],"replies":[{"embeddable":true,"href":"https:\/\/www.europesays.com\/fr\/wp-json\/wp\/v2\/comments?post=158031"}],"version-history":[{"count":0,"href":"https:\/\/www.europesays.com\/fr\/wp-json\/wp\/v2\/posts\/158031\/revisions"}],"wp:featuredmedia":[{"embeddable":true,"href":"https:\/\/www.europesays.com\/fr\/wp-json\/wp\/v2\/media\/158032"}],"wp:attachment":[{"href":"https:\/\/www.europesays.com\/fr\/wp-json\/wp\/v2\/media?parent=158031"}],"wp:term":[{"taxonomy":"category","embeddable":true,"href":"https:\/\/www.europesays.com\/fr\/wp-json\/wp\/v2\/categories?post=158031"},{"taxonomy":"post_tag","embeddable":true,"href":"https:\/\/www.europesays.com\/fr\/wp-json\/wp\/v2\/tags?post=158031"}],"curies":[{"name":"wp","href":"https:\/\/api.w.org\/{rel}","templated":true}]}}