{"id":158047,"date":"2025-06-07T03:01:11","date_gmt":"2025-06-07T03:01:11","guid":{"rendered":"https:\/\/www.europesays.com\/fr\/158047\/"},"modified":"2025-06-07T03:01:11","modified_gmt":"2025-06-07T03:01:11","slug":"conflit-entre-elon-musk-et-donald-trump-voici-quelles-seraient-les-veritables-raisons-de-leur-dispute-et-ca-aurait-un-rapport-avec-la-nasa","status":"publish","type":"post","link":"https:\/\/www.europesays.com\/fr\/158047\/","title":{"rendered":"Conflit entre Elon Musk et Donald Trump\u00a0: voici quelles seraient les v\u00e9ritables raisons de leur dispute et \u00e7a aurait un rapport avec la NASA"},"content":{"rendered":"<p class=\"ap-StoryElement ap-StoryElement--mb ap-StoryText\">Une rupture qui fait parler. Ce jeudi soir, Elon Musk a l\u00e2ch\u00e9 une \u00ab\u00a0bombe\u00a0\u00bb. Selon le patron de Tesla, Donald Trump aurait quelque chose \u00e0 voir avec l&rsquo;affaire Epstein. Si cette affirmation d&rsquo;Elon Musk semble avoir \u00e9t\u00e9 la go\u00fbte d&rsquo;eau qui fait d\u00e9border le vase, les tensions entre les deux hommes semblaient d\u00e9j\u00e0 pr\u00e9sentes. En effet, Elon Musk avait d\u00e9missionn\u00e9 de la Maison Blanche la semaine derni\u00e8re.<\/p>\n<p class=\"ap-StoryElement ap-StoryElement--mb ap-StoryText\">Mercredi, le patron de Tesla et SpaceX avait une rencontre priv\u00e9e avec des responsables de la Maison Blanche. \u00c0 ce moment-l\u00e0, rien en laissait penser qu&rsquo;une rupture publique allait avoir lieu entre les deux hommes, rapporte 7sur7. En effet, les tensions semblaient d\u00e9j\u00e0 pr\u00e9sentes, mais Donald Trump ne voulait pas exprimer publiquement sa frustration afin de pr\u00e9server le soutien politique et financier d&rsquo;Elon Musk. Mais depuis, les choses ont chang\u00e9\u2026<\/p>\n","protected":false},"excerpt":{"rendered":"Une rupture qui fait parler. Ce jeudi soir, Elon Musk a l\u00e2ch\u00e9 une \u00ab\u00a0bombe\u00a0\u00bb. Selon le patron de&hellip;\n","protected":false},"author":2,"featured_media":158048,"comment_status":"","ping_status":"","sticky":false,"template":"","format":"standard","meta":{"footnotes":""},"categories":[5],"tags":[11,28924,75,46,1011,27,14,3997,333,12,13559,467,28],"class_list":{"0":"post-158047","1":"post","2":"type-post","3":"status-publish","4":"format-standard","5":"has-post-thumbnail","7":"category-international","8":"tag-actualites","9":"tag-dispute","10":"tag-donald-trump","11":"tag-elon-musk","12":"tag-fr","13":"tag-france","14":"tag-international","15":"tag-musk","16":"tag-nasa","17":"tag-news","18":"tag-rupture","19":"tag-trump","20":"tag-world"},"share_on_mastodon":{"url":"https:\/\/pubeurope.com\/@fr\/114639856159207494","error":""},"_links":{"self":[{"href":"https:\/\/www.europesays.com\/fr\/wp-json\/wp\/v2\/posts\/158047","targetHints":{"allow":["GET"]}}],"collection":[{"href":"https:\/\/www.europesays.com\/fr\/wp-json\/wp\/v2\/posts"}],"about":[{"href":"https:\/\/www.europesays.com\/fr\/wp-json\/wp\/v2\/types\/post"}],"author":[{"embeddable":true,"href":"https:\/\/www.europesays.com\/fr\/wp-json\/wp\/v2\/users\/2"}],"replies":[{"embeddable":true,"href":"https:\/\/www.europesays.com\/fr\/wp-json\/wp\/v2\/comments?post=158047"}],"version-history":[{"count":0,"href":"https:\/\/www.europesays.com\/fr\/wp-json\/wp\/v2\/posts\/158047\/revisions"}],"wp:featuredmedia":[{"embeddable":true,"href":"https:\/\/www.europesays.com\/fr\/wp-json\/wp\/v2\/media\/158048"}],"wp:attachment":[{"href":"https:\/\/www.europesays.com\/fr\/wp-json\/wp\/v2\/media?parent=158047"}],"wp:term":[{"taxonomy":"category","embeddable":true,"href":"https:\/\/www.europesays.com\/fr\/wp-json\/wp\/v2\/categories?post=158047"},{"taxonomy":"post_tag","embeddable":true,"href":"https:\/\/www.europesays.com\/fr\/wp-json\/wp\/v2\/tags?post=158047"}],"curies":[{"name":"wp","href":"https:\/\/api.w.org\/{rel}","templated":true}]}}