{"id":158049,"date":"2025-06-07T03:02:10","date_gmt":"2025-06-07T03:02:10","guid":{"rendered":"https:\/\/www.europesays.com\/fr\/158049\/"},"modified":"2025-06-07T03:02:10","modified_gmt":"2025-06-07T03:02:10","slug":"chantage-a-saint-etienne-le-maire-gael-perdriau-renvoye-devant-un-tribunal-en-septembre-mediapart","status":"publish","type":"post","link":"https:\/\/www.europesays.com\/fr\/158049\/","title":{"rendered":"Chantage \u00e0 Saint-\u00c9tienne : le maire Ga\u00ebl Perdriau renvoy\u00e9 devant un tribunal en septembre &#8211; Mediapart"},"content":{"rendered":"<ol>\n<li><a href=\"https:\/\/news.google.com\/rss\/articles\/CBMizAFBVV95cUxQTml2LWtGVk12NExxRUpEZl9FLUoxUU5Mc3ZRcTZKcEFjdll2ckhtbWlzNUVIQmdmZ3V5RzFBSDRNUFhWSTBlMjhxQVJabnhZRjU0cVlxXzBiM0NRQkxpOUVURl9GenI0c2VPalROLWtDM1VQMUp0ZmhFMUJIMlZTQkdwLWYtX19BVUhINXdfcVlVYzFvTDY4YUxrYTVTUzJsbUNCamRXN0VBcU56dGxpa3AxR29pdlhtX3lpVTN2U3dENENpQ3M5RkFkRzI?oc=5\" target=\"_blank\" rel=\"nofollow noopener\">Chantage \u00e0 Saint-\u00c9tienne : le maire Ga\u00ebl Perdriau renvoy\u00e9 devant un tribunal en septembre<\/a>&nbsp;&nbsp;Mediapart<\/li>\n<li><a href=\"https:\/\/news.google.com\/rss\/articles\/CBMijgJBVV95cUxQby1TRTFKbHR0OXVmWFR2OEJJTVB0WWhBRGhhZlVKUVV5VGhKNXJXWjhYcUdfWjYyNkxqcXNrZG05aTVyeE9fUG9iSHNRM2FqVmt0cm9XLTdjbUdVYVQwdG13Q1BaNzRkLU5NRUJEeVBSV01qSkpSeU1HSER1YW80ZF9nMkpGRXhRSnVwaWRXLW5rUldMODdYTzllbExHWENTSDZheGt2Zzd2SWx6Y2RSLXZyYllVYUxfTW1xT1hLQnZ0bEFXQk4wR1JVRFhQaGlzUEc3RHpDcG1ndllIQ0ZpWGF0UEFpQVJFYkt4bWlMTURnWUNXaUVZNWF5VWpYRXhEWWRKeGZjN0VvUURCRkE?oc=5\" target=\"_blank\" rel=\"nofollow noopener\">\u00ab Sextape \u00bb \u00e0 Saint-Etienne : un proc\u00e8s ordonn\u00e9 contre Ga\u00ebl Perdriau pour \u00ab chantage \u00bb et \u00ab d\u00e9tournement de fonds publics \u00bb<\/a>&nbsp;&nbsp;Le Monde.fr<\/li>\n<li><a href=\"https:\/\/news.google.com\/rss\/articles\/CBMiwwFBVV95cUxOS0xSZERZaDNQcm13bWJXRHplYzVGTGRfYVVxb0MtZXJ2RzlQTU1tV3RIUzVhM0NiQ3FVR0c2b1g1UTJON0ZvcXU0al9QVF8xS3pMSldqWnJWTFVPVUJmMWR1RG1uOGZ1d2w3RGFBY3otTjRla3MtN0JOaF9kdVRZbFhmajEwY1BpZ1lENG1HNVMwVnZmdWlSa1JvV2VzU0RXUEw2VWwyT0RkX0I3elhhQjlaMFNsWF9BeUZkOUNDc1NvWms?oc=5\" target=\"_blank\" rel=\"nofollow noopener\">Affaire de la vid\u00e9o intime: qui sera sur le banc des pr\u00e9venus avec Ga\u00ebl Perdriau en septembre?<\/a>&nbsp;&nbsp;Le Progr\u00e8s<\/li>\n<li><a href=\"https:\/\/news.google.com\/rss\/articles\/CBMi4gFBVV95cUxQQ2xoLTFGR0lTdlM5ZDdRVHlZRHVvTmVkaGRJOV9uR3h2OV92WEh4eDVWYlUwNWxwTXVaZ1c5Q3VySGFNdnRnbldXMElpd1JHa1l4cE10RDRGbW1WTVNOVmVHbWdlN2ZsNFFSSE9lc3lnVFltMU9GajVyOE1iNmFVMTFzanNmQzY1Mmx4VjNrMjU3RHV5UzlTS0RGV0cxb1VRZ0ZxdzlMUjhKSmVyMUxjY1c4enJXNFIxT1RsTjlhUTNOTUtTX3U4bzEyYmtTX0FUMWptUmV1U3Nvenk5TFcyald3?oc=5\" target=\"_blank\" rel=\"nofollow noopener\">Saint-\u00c9tienne : dans l\u2019affaire de la sextape, le maire Ga\u00ebl Perdriau sera bien jug\u00e9 lui aussi<\/a>&nbsp;&nbsp;Le HuffPost<\/li>\n<li><a href=\"https:\/\/news.google.com\/rss\/articles\/CBMi8gFBVV95cUxNWjNwWmNxMnVEbjQ5RlZWLXVZWWtHUHNoVnhHbm14UzY5ekNFUnh1ekU5Z084VDFMSEtHcW1lZzV6QzhpaVBMVTRaa2t4RGxrMkhXVXpBeWtjUk9oRGY5Um5leE5yMHhIVUlETjVpTXFUZVJGc0RBZXl3amlOOFhiX09ObGVrc0xVN3JqUkN3RHVSTWN4cmswMWhadERXc2pKenNTV09sTGF4cnBIOWlsYUZoemRHdWxHZFlJTlAtQmhKX0haOVhNZ09jNmJ0REU0QUx3WlBZT1d0bjIyVms2Um5IRThCWmZYT2hJSC1QY1FIdw?oc=5\" target=\"_blank\" rel=\"nofollow noopener\">Affaire de chantage \u00e0 la vid\u00e9o : un proc\u00e8s en septembre, \u00ab\u00a0\u00e7a nous satisfait pleinement\u00a0\u00bb selon Me Buffard<\/a>&nbsp;&nbsp;francebleu.fr<\/li>\n<\/ol>\n","protected":false},"excerpt":{"rendered":"Chantage \u00e0 Saint-\u00c9tienne : le maire Ga\u00ebl Perdriau renvoy\u00e9 devant un tribunal en septembre&nbsp;&nbsp;Mediapart \u00ab Sextape \u00bb \u00e0&hellip;\n","protected":false},"author":2,"featured_media":158050,"comment_status":"","ping_status":"","sticky":false,"template":"","format":"standard","meta":{"footnotes":""},"categories":[4],"tags":[11,1011,27,12242,12,25,4001],"class_list":{"0":"post-158049","1":"post","2":"type-post","3":"status-publish","4":"format-standard","5":"has-post-thumbnail","7":"category-france","8":"tag-actualites","9":"tag-fr","10":"tag-france","11":"tag-gael-perdriau","12":"tag-news","13":"tag-republique-francaise","14":"tag-saint-etienne"},"share_on_mastodon":{"url":"https:\/\/pubeurope.com\/@fr\/114639860108669363","error":""},"_links":{"self":[{"href":"https:\/\/www.europesays.com\/fr\/wp-json\/wp\/v2\/posts\/158049","targetHints":{"allow":["GET"]}}],"collection":[{"href":"https:\/\/www.europesays.com\/fr\/wp-json\/wp\/v2\/posts"}],"about":[{"href":"https:\/\/www.europesays.com\/fr\/wp-json\/wp\/v2\/types\/post"}],"author":[{"embeddable":true,"href":"https:\/\/www.europesays.com\/fr\/wp-json\/wp\/v2\/users\/2"}],"replies":[{"embeddable":true,"href":"https:\/\/www.europesays.com\/fr\/wp-json\/wp\/v2\/comments?post=158049"}],"version-history":[{"count":0,"href":"https:\/\/www.europesays.com\/fr\/wp-json\/wp\/v2\/posts\/158049\/revisions"}],"wp:featuredmedia":[{"embeddable":true,"href":"https:\/\/www.europesays.com\/fr\/wp-json\/wp\/v2\/media\/158050"}],"wp:attachment":[{"href":"https:\/\/www.europesays.com\/fr\/wp-json\/wp\/v2\/media?parent=158049"}],"wp:term":[{"taxonomy":"category","embeddable":true,"href":"https:\/\/www.europesays.com\/fr\/wp-json\/wp\/v2\/categories?post=158049"},{"taxonomy":"post_tag","embeddable":true,"href":"https:\/\/www.europesays.com\/fr\/wp-json\/wp\/v2\/tags?post=158049"}],"curies":[{"name":"wp","href":"https:\/\/api.w.org\/{rel}","templated":true}]}}