{"id":15805,"date":"2025-04-10T20:32:10","date_gmt":"2025-04-10T20:32:10","guid":{"rendered":"https:\/\/www.europesays.com\/fr\/15805\/"},"modified":"2025-04-10T20:32:10","modified_gmt":"2025-04-10T20:32:10","slug":"la-reforme-de-laudiovisuel-public-officiellement-retiree-de-lordre-du-jour-de-lassemblee-par-le-gouvernement","status":"publish","type":"post","link":"https:\/\/www.europesays.com\/fr\/15805\/","title":{"rendered":"La r\u00e9forme de l\u2019audiovisuel public officiellement retir\u00e9e de l\u2019ordre du jour de l\u2019Assembl\u00e9e par le gouvernement"},"content":{"rendered":"<p><strong>INFO LE FIGARO &#8211;<\/strong> Le texte d\u00e9fendu par Rachida Dati, qui devait \u00eatre d\u00e9battu vendredi dans l\u2019H\u00e9micycle de l\u2019Assembl\u00e9e nationale, a connu un d\u00e9but d\u2019examen difficile.<\/p>\n<p class=\"fig-paragraph\">C\u2019est un nouveau coup dur pour la r\u00e9forme de l\u2019audiovisuel public. Selon nos informations, le texte, qui devait \u00eatre d\u00e9battu ce vendredi en s\u00e9ance publique dans l\u2019H\u00e9micycle de l\u2019Assembl\u00e9e nationale, vient d\u2019\u00eatre officiellement retir\u00e9 de l\u2019ordre du jour par le gouvernement. \u00abAvec 2000 amendements sur le projet de loi simplification de la vie \u00e9conomique, la proposition de loi n\u2019avait aucune chance d\u2019\u00eatre examin\u00e9e\u00bb, informe une source parlementaire. Le texte avait connu un examen difficile en commission,\u00a0<a href=\"http:\/\/www.lefigaro.fr\/politique\/audiovisuel-public-apres-un-vif-echange-entre-dati-et-une-administratrice-de-l-assemblee-l-examen-du-texte-interrompu-20250401\" target=\"_blank\" data-fig-type=\"NewsFlash\" rel=\"noopener\" data-gtm-custom-categorie=\"navigation\" data-gtm-custom-action=\"crossclick\" data-gtm-custom-label=\"Contextuel\" data-gtm-event=\"customEventSPE\" data-fig-domain=\"LEFIGARO\">o\u00f9 les d\u00e9bats avaient longuement \u00e9t\u00e9 interrompus suite \u00e0 de fortes tensions entre la ministre de la Culture, Rachida Dati, et une administratrice de l\u2019Assembl\u00e9e nationale.<\/a>\u00a0L\u2019examen n\u2019avait alors pas pu aller \u00e0 son terme.<\/p>\n<p>\u00a0\u00bb<br \/>\n        data-script=\u00a0\u00bbhttps:\/\/static.lefigaro.fr\/widget-video\/short-ttl\/video\/index.js\u00a0\u00bb<br \/>\n    &gt;<\/p>\n<p class=\"fig-paragraph\">Et le d\u00e9bat n\u2019aura donc pour l\u2019instant pas lieu en s\u00e9ance publique. \u00abAu vu de l\u2019embouteillage parlementaire des derni\u00e8res semaines, il va probablement \u00eatre tr\u00e8s compliqu\u00e9 de lui trouver une nouvelle place&#8230;\u00bb, anticipe un d\u00e9put\u00e9 Renaissance. Ce n\u2019est pas la premi\u00e8re m\u00e9saventure\u2026<\/p>\n<p class=\"fig-premium-paywall__infos\">\n        Cet article est r\u00e9serv\u00e9 aux abonn\u00e9s.        Il vous reste 29% \u00e0 d\u00e9couvrir.\n    <\/p>\n<p>                <img  data- alt=\"Le Figaro\" class=\"fig-img--complete fig-img\"\/><\/p>\n<p class=\"fig-premium-paywall__title\">Vous avez envie de lire la suite ?<\/p>\n<p class=\"fig-premium-paywall__subtitle\">D\u00e9bloquez tous les articles imm\u00e9diatement.<\/p>\n<p class=\"fig-premium-paywall__connect\">\n                D\u00e9j\u00e0 abonn\u00e9\u00a0?                <a class=\"fig-premium-paywall__connect-link\" href=\"https:\/\/connect.lefigaro.fr\/login?client=horizon_web&amp;type=main&amp;redirect_uri=https%3A%2F%2Fwww.lefigaro.fr%2Fpolitique%2Fla-reforme-de-l-audiovisuel-public-officiellement-retiree-de-l-ordre-du-jour-de-l-assemblee-par-le-gouvernement-20250409\" data-js-gtm=\"{&quot;customCategorie&quot;: &quot;conversion&quot;, &quot;customAction&quot;: &quot;before_Landing_Connexion_paywall_auto&quot;, &quot;customLabel&quot;: &quot;bGVmaWdhcm8uZnJfXzFmMDE1NjJmLWZlODItNmM4Ni1hNGNhLTQ1MTZhN2ZmNDcyMl9fTmV3c0ZsYXNo_La r\u00e9forme de l\u2019audiovisuel public officiellement retir\u00e9e de l\u2019ordre du jour de l\u2019Assembl\u00e9e par le gouvernement_273&quot;, &quot;customIDSPE&quot;: &quot;bGVmaWdhcm8uZnJfXzFmMDE1NjJmLWZlODItNmM4Ni1hNGNhLTQ1MTZhN2ZmNDcyMl9fTmV3c0ZsYXNo&quot;, &quot;event&quot;: &quot;customEventSPE&quot;}\" target=\"_blank\" rel=\"noopener\"><br \/>\n                    Connectez-vous<br \/>\n                <\/a>\n            <\/p>\n","protected":false},"excerpt":{"rendered":"INFO LE FIGARO &#8211; Le texte d\u00e9fendu par Rachida Dati, qui devait \u00eatre d\u00e9battu vendredi dans l\u2019H\u00e9micycle de&hellip;\n","protected":false},"author":2,"featured_media":15806,"comment_status":"","ping_status":"","sticky":false,"template":"","format":"standard","meta":{"footnotes":""},"categories":[2],"tags":[11,416,6586,426,427,422,423,1011,27,418,424,425,420,421,12,419,316,429,417,428],"class_list":{"0":"post-15805","1":"post","2":"type-post","3":"status-publish","4":"format-standard","5":"has-post-thumbnail","7":"category-actualites","8":"tag-actualites","9":"tag-assemblee-nationale","10":"tag-audiovisuel-public","11":"tag-candidat","12":"tag-candidats","13":"tag-depute","14":"tag-deputes","15":"tag-fr","16":"tag-france","17":"tag-gouvernement","18":"tag-institution","19":"tag-institutions","20":"tag-loi","21":"tag-lois","22":"tag-news","23":"tag-opposition","24":"tag-politique","25":"tag-ps","26":"tag-rachida-dati","27":"tag-ump"},"share_on_mastodon":{"url":"https:\/\/pubeurope.com\/@fr\/114315574844815369","error":""},"_links":{"self":[{"href":"https:\/\/www.europesays.com\/fr\/wp-json\/wp\/v2\/posts\/15805","targetHints":{"allow":["GET"]}}],"collection":[{"href":"https:\/\/www.europesays.com\/fr\/wp-json\/wp\/v2\/posts"}],"about":[{"href":"https:\/\/www.europesays.com\/fr\/wp-json\/wp\/v2\/types\/post"}],"author":[{"embeddable":true,"href":"https:\/\/www.europesays.com\/fr\/wp-json\/wp\/v2\/users\/2"}],"replies":[{"embeddable":true,"href":"https:\/\/www.europesays.com\/fr\/wp-json\/wp\/v2\/comments?post=15805"}],"version-history":[{"count":0,"href":"https:\/\/www.europesays.com\/fr\/wp-json\/wp\/v2\/posts\/15805\/revisions"}],"wp:featuredmedia":[{"embeddable":true,"href":"https:\/\/www.europesays.com\/fr\/wp-json\/wp\/v2\/media\/15806"}],"wp:attachment":[{"href":"https:\/\/www.europesays.com\/fr\/wp-json\/wp\/v2\/media?parent=15805"}],"wp:term":[{"taxonomy":"category","embeddable":true,"href":"https:\/\/www.europesays.com\/fr\/wp-json\/wp\/v2\/categories?post=15805"},{"taxonomy":"post_tag","embeddable":true,"href":"https:\/\/www.europesays.com\/fr\/wp-json\/wp\/v2\/tags?post=15805"}],"curies":[{"name":"wp","href":"https:\/\/api.w.org\/{rel}","templated":true}]}}