{"id":158053,"date":"2025-06-07T03:04:48","date_gmt":"2025-06-07T03:04:48","guid":{"rendered":"https:\/\/www.europesays.com\/fr\/158053\/"},"modified":"2025-06-07T03:04:48","modified_gmt":"2025-06-07T03:04:48","slug":"le-chaudron-vert-rase-un-projet-de-bureaux-en-attente-de-jours-meilleurs","status":"publish","type":"post","link":"https:\/\/www.europesays.com\/fr\/158053\/","title":{"rendered":"LE CHAUDRON VERT RAS\u00c9 : UN PROJET DE BUREAUX EN ATTENTE DE JOURS MEILLEURS"},"content":{"rendered":"<p>                <a href=\"https:\/\/42info.fr\/gagnez-vos-airpods-pro\/\" target=\"_blank\" aria-label=\"Gagnez Airpod\" rel=\"nofollow noopener\"><img loading=\"lazy\" decoding=\"async\" src=\"https:\/\/www.europesays.com\/fr\/wp-content\/uploads\/2025\/05\/Gagnez-Airpod-scaled.jpg\" alt=\"\"   width=\"2560\" height=\"960\"\/><\/a><\/p>\n<p>La d\u00e9molition de l\u2019ancien h\u00f4tel-restaurant marque une nouvelle \u00e9tape dans un projet immobilier ambitieux, mais dont la concr\u00e9tisation se heurte aux r\u00e9alit\u00e9s du march\u00e9 \u00e9conomique local.<\/p>\n<p>La fin d\u2019une \u00e9poque pour un lieu embl\u00e9matique<\/p>\n<p>Les pelleteuses ont achev\u00e9 leur travail : l\u2019ancien Chaudron Vert n\u2019existe plus. Ce b\u00e2timent, qui avait marqu\u00e9 l\u2019histoire r\u00e9cente de Saint-\u00c9tienne, \u00e9tait rest\u00e9 ferm\u00e9 depuis la pand\u00e9mie de 2020. Propri\u00e9t\u00e9 de l\u2019AS Saint-\u00c9tienne entre 2014 et 2022, il avait ensuite chang\u00e9 plusieurs fois de mains avant d\u2019atterrir dans le portefeuille d\u2019un promoteur immobilier.<\/p>\n<p>La d\u00e9cision de d\u00e9molir l\u2019\u00e9tablissement r\u00e9pond selon Vincent Guerrier, repr\u00e9sentant de la soci\u00e9t\u00e9 MALSH charg\u00e9e de la commercialisation, \u00e0 des imp\u00e9ratifs de s\u00e9curit\u00e9. L\u2019objectif \u00e9tait d\u2019\u00e9viter les occupations ill\u00e9gales d\u2019un b\u00e2timent devenu vuln\u00e9rable apr\u00e8s plusieurs ann\u00e9es de fermeture.<\/p>\n<p>Un centre d\u2019affaires de pr\u00e8s de 3000 m\u00b2<\/p>\n<p>Sur cet emplacement strat\u00e9gique doit voir le jour un centre d\u2019affaires moderne d\u2019une superficie totale de 2985 m\u00b2. Ce projet ambitieux vise \u00e0 r\u00e9pondre aux besoins des entreprises st\u00e9phanoises en qu\u00eate d\u2019espaces de travail contemporains et fonctionnels.<\/p>\n<p>Toutefois, le calendrier initial a d\u00fb \u00eatre revu \u00e0 la baisse. Initialement pr\u00e9vu pour une livraison cette ann\u00e9e, le projet est d\u00e9sormais dans l\u2019attente d\u2019une conjoncture plus favorable. Aucune date de commencement des travaux n\u2019a \u00e9t\u00e9 arr\u00eat\u00e9e \u00e0 ce stade.<\/p>\n<p>Un march\u00e9 immobilier tertiaire satur\u00e9<\/p>\n<p>Cette temporisation s\u2019explique par l\u2019\u00e9tat du march\u00e9 immobilier tertiaire dans la r\u00e9gion st\u00e9phanoise. Les promoteurs font face \u00e0 une demande en berne et \u00e0 une offre d\u00e9j\u00e0 abondante qui peine \u00e0 trouver preneurs.<\/p>\n<p>Les exemples ne manquent pas dans le secteur : les immeubles LEX\u2019A de la rue du Chanoine Ploton et Saint-Exup\u00e9ry, pourtant achev\u00e9s, ne sont pas encore int\u00e9gralement commercialis\u00e9s ni occup\u00e9s. Cette situation illustre les difficult\u00e9s rencontr\u00e9es par le secteur tertiaire local.<\/p>\n<p>Une concurrence renforc\u00e9e par de nouveaux projets<\/p>\n<p>La situation risque de se compliquer davantage avec l\u2019arriv\u00e9e prochaine de nouveaux espaces sur le march\u00e9. Le projet Sigale \u00e0 Saint-Priest-en-Jarez pr\u00e9voit ainsi la mise \u00e0 disposition de 7000 m\u00b2 suppl\u00e9mentaires de bureaux, intensifiant encore la concurrence.<\/p>\n<p>Cette multiplication de l\u2019offre dans un contexte de demande atone place les promoteurs dans une position d\u00e9licate. Ils doivent adapter leurs strat\u00e9gies commerciales pour s\u00e9duire une client\u00e8le devenue plus exigeante et s\u00e9lective.<\/p>\n<p>Une strat\u00e9gie commerciale flexible<\/p>\n<p>Face \u00e0 ces contraintes, les porteurs du projet du futur \u00ab\u00a0Chaudron\u00a0\u00bb adoptent une approche pragmatique. Ils se montrent particuli\u00e8rement souples sur les modalit\u00e9s d\u2019entr\u00e9e dans les lieux, proposant aussi bien la vente que la location selon les besoins des clients potentiels.<\/p>\n<p>Cette flexibilit\u00e9 s\u2019\u00e9tend \u00e9galement aux surfaces propos\u00e9es. Qu\u2019il s\u2019agisse de petits espaces, de moyennes surfaces ou m\u00eame de la totalit\u00e9 du complexe, tous les scenarios sont envisageables. Cette approche sur mesure vise \u00e0 maximiser les chances de commercialisation dans un march\u00e9 difficile.<\/p>\n<p>L\u2019atout du stationnement<\/p>\n<p>Dans cette \u00e9quation complexe, le projet dispose n\u00e9anmoins d\u2019un atout de taille : un important potentiel de places de stationnement. Dans un centre-ville o\u00f9 le parking reste un enjeu majeur pour les entreprises, cette caract\u00e9ristique pourrait faire la diff\u00e9rence et attirer des clients sensibles \u00e0 cette probl\u00e9matique.<\/p>\n<p>L\u2019attente d\u2019un red\u00e9marrage \u00e9conomique<\/p>\n<p>Le report de ce projet illustre les incertitudes qui p\u00e8sent sur l\u2019\u00e9conomie st\u00e9phanoise. Entre prudence des investisseurs et attentisme des entreprises, le secteur immobilier tertiaire traverse une phase d\u00e9licate qui impacte l\u2019ensemble des projets de d\u00e9veloppement urbain.<\/p>\n<p>Pour le futur centre d\u2019affaires du Chaudron Vert, l\u2019enjeu sera de trouver le bon timing pour relancer l\u2019op\u00e9ration. Les promoteurs esp\u00e8rent probablement une am\u00e9lioration du contexte \u00e9conomique local qui rendrait leur projet plus attractif pour les potentiels occupants.<\/p>\n","protected":false},"excerpt":{"rendered":"La d\u00e9molition de l\u2019ancien h\u00f4tel-restaurant marque une nouvelle \u00e9tape dans un projet immobilier ambitieux, mais dont la concr\u00e9tisation&hellip;\n","protected":false},"author":2,"featured_media":158054,"comment_status":"","ping_status":"","sticky":false,"template":"","format":"standard","meta":{"footnotes":""},"categories":[9653],"tags":[1111,11,2430,33,1777,674,1011,27,28925,3367,12,25,4001],"class_list":{"0":"post-158053","1":"post","2":"type-post","3":"status-publish","4":"format-standard","5":"has-post-thumbnail","7":"category-saint-etienne","8":"tag-actu","9":"tag-actualites","10":"tag-auvergne-rhone-alpes","11":"tag-economie","12":"tag-eu","13":"tag-europe","14":"tag-fr","15":"tag-france","16":"tag-lancien-chaudron-vert","17":"tag-loire","18":"tag-news","19":"tag-republique-francaise","20":"tag-saint-etienne"},"share_on_mastodon":{"url":"https:\/\/pubeurope.com\/@fr\/114639872135933611","error":""},"_links":{"self":[{"href":"https:\/\/www.europesays.com\/fr\/wp-json\/wp\/v2\/posts\/158053","targetHints":{"allow":["GET"]}}],"collection":[{"href":"https:\/\/www.europesays.com\/fr\/wp-json\/wp\/v2\/posts"}],"about":[{"href":"https:\/\/www.europesays.com\/fr\/wp-json\/wp\/v2\/types\/post"}],"author":[{"embeddable":true,"href":"https:\/\/www.europesays.com\/fr\/wp-json\/wp\/v2\/users\/2"}],"replies":[{"embeddable":true,"href":"https:\/\/www.europesays.com\/fr\/wp-json\/wp\/v2\/comments?post=158053"}],"version-history":[{"count":0,"href":"https:\/\/www.europesays.com\/fr\/wp-json\/wp\/v2\/posts\/158053\/revisions"}],"wp:featuredmedia":[{"embeddable":true,"href":"https:\/\/www.europesays.com\/fr\/wp-json\/wp\/v2\/media\/158054"}],"wp:attachment":[{"href":"https:\/\/www.europesays.com\/fr\/wp-json\/wp\/v2\/media?parent=158053"}],"wp:term":[{"taxonomy":"category","embeddable":true,"href":"https:\/\/www.europesays.com\/fr\/wp-json\/wp\/v2\/categories?post=158053"},{"taxonomy":"post_tag","embeddable":true,"href":"https:\/\/www.europesays.com\/fr\/wp-json\/wp\/v2\/tags?post=158053"}],"curies":[{"name":"wp","href":"https:\/\/api.w.org\/{rel}","templated":true}]}}