{"id":158065,"date":"2025-06-07T03:11:18","date_gmt":"2025-06-07T03:11:18","guid":{"rendered":"https:\/\/www.europesays.com\/fr\/158065\/"},"modified":"2025-06-07T03:11:18","modified_gmt":"2025-06-07T03:11:18","slug":"secourus-dans-les-transports-cinq-chiens-echappent-a-la-maltraitance","status":"publish","type":"post","link":"https:\/\/www.europesays.com\/fr\/158065\/","title":{"rendered":"secourus dans les transports, cinq chiens \u00e9chappent \u00e0 la maltraitance"},"content":{"rendered":"<p>            Par<br \/>\n        <strong><br \/>\n            <a href=\"https:\/\/actu.fr\/auteur\/lea-pippinato\" title=\"Consulter tous les articles de L\u00e9a Pippinato\" rel=\"nofollow noopener\" target=\"_blank\">L\u00e9a Pippinato<\/a><br \/>\n        <\/strong><\/p>\n<p>        Publi\u00e9 le<\/p>\n<p>            6 juin 2025 \u00e0 10h44        <\/p>\n<p><strong>Ce mercredi 4 juin 2025<\/strong>, \u00e0 bord d\u2019une rame du tramway montpelli\u00e9rain, les agents de la police m\u00e9tropolitaine des transports (PMT) ont fait une d\u00e9couverte inhabituelle. Il \u00e9tait 10 heures du matin lorsque leur regard a \u00e9t\u00e9 attir\u00e9 par un chariot de supermarch\u00e9. \u00c0 l\u2019int\u00e9rieur, quatre chiots. \u00c0 c\u00f4t\u00e9, une chienne \u00e0 l\u2019ossature visible, attach\u00e9e au caddie. Aucun signe de blessure. Mais l\u2019extr\u00eame maigreur de l\u2019animal ne laissait pas de doute : ces chiens vivaient dans des conditions tr\u00e8s pr\u00e9occupantes. L\u2019homme qui les accompagnait, un ressortissant slovaque, semblait d\u00e9sorient\u00e9.<\/p>\n<p>Un \u00e9tat d\u2019ivresse avanc\u00e9 en pleine matin\u00e9e<\/p>\n<p class=\" wall-content\">Le contr\u00f4le d\u2019alcool\u00e9mie effectu\u00e9 par les policiers a confirm\u00e9 leurs soup\u00e7ons. L\u2019homme affichait un taux de 1,4 mg par litre d\u2019air expir\u00e9, soit pr\u00e8s de <strong>3 grammes par litre de sang<\/strong>. Ce chiffre a renforc\u00e9 les doutes des agents sur la capacit\u00e9 de l\u2019homme \u00e0 s\u2019occuper d\u2019animaux.<\/p>\n<p class=\" wall-content\">\u00c0 cela s\u2019ajoutait la pr\u00e9sence d\u2019un couteau dans ses effets personnels. L\u2019homme a expliqu\u00e9 qu\u2019il s\u2019agissait d\u2019un ustensile destin\u00e9 \u00e0 la pr\u00e9paration de ses repas. Les policiers ont \u00e9galement d\u00e9couvert du Subutex, un m\u00e9dicament utilis\u00e9 dans les traitements de sevrage aux opiac\u00e9s. Apr\u00e8s v\u00e9rification, il disposait d\u2019une ordonnance valable. Aucun des objets saisis n\u2019a donc donn\u00e9 lieu \u00e0 des poursuites judiciaires. La brigade capture est intervenue pour mettre en s\u00e9curit\u00e9 la chienne et ses petits. Une association de protection animale a pris le relais. Elle assurera leur suivi v\u00e9t\u00e9rinaire et leur r\u00e9habilitation.<\/p>\n<p class=\" wall-content\">Suivez toute l\u2019actualit\u00e9 de vos villes et m\u00e9dias favoris en vous inscrivant \u00e0 <a href=\"https:\/\/moncompte.actu.fr\" title=\"D\u00e9couvez Mon Actu\" rel=\"nofollow noopener\" data-trk=\"{&quot;cta&quot;:{&quot;action&quot;:&quot;https:\\\/\\\/moncompte.actu.fr&quot;,&quot;category&quot;:&quot;mon compte&quot;,&quot;from&quot;:&quot;article footer&quot;,&quot;name&quot;:&quot;Mon actu&quot;,&quot;type&quot;:&quot;cta&quot;}}\" target=\"_blank\">Mon Actu<\/a>.<\/p>\n","protected":false},"excerpt":{"rendered":"Par L\u00e9a Pippinato Publi\u00e9 le 6 juin 2025 \u00e0 10h44 Ce mercredi 4 juin 2025, \u00e0 bord d\u2019une&hellip;\n","protected":false},"author":2,"featured_media":158066,"comment_status":"","ping_status":"","sticky":false,"template":"","format":"standard","meta":{"footnotes":""},"categories":[9599],"tags":[1111,11,1777,674,118,1011,27,6795,2208,12,2680,1072,25,2803],"class_list":{"0":"post-158065","1":"post","2":"type-post","3":"status-publish","4":"format-standard","5":"has-post-thumbnail","7":"category-montpellier","8":"tag-actu","9":"tag-actualites","10":"tag-eu","11":"tag-europe","12":"tag-faits-divers","13":"tag-fr","14":"tag-france","15":"tag-maltraitance-animale","16":"tag-montpellier","17":"tag-news","18":"tag-occitanie","19":"tag-police","20":"tag-republique-francaise","21":"tag-transport"},"share_on_mastodon":{"url":"https:\/\/pubeurope.com\/@fr\/114639895478157707","error":""},"_links":{"self":[{"href":"https:\/\/www.europesays.com\/fr\/wp-json\/wp\/v2\/posts\/158065","targetHints":{"allow":["GET"]}}],"collection":[{"href":"https:\/\/www.europesays.com\/fr\/wp-json\/wp\/v2\/posts"}],"about":[{"href":"https:\/\/www.europesays.com\/fr\/wp-json\/wp\/v2\/types\/post"}],"author":[{"embeddable":true,"href":"https:\/\/www.europesays.com\/fr\/wp-json\/wp\/v2\/users\/2"}],"replies":[{"embeddable":true,"href":"https:\/\/www.europesays.com\/fr\/wp-json\/wp\/v2\/comments?post=158065"}],"version-history":[{"count":0,"href":"https:\/\/www.europesays.com\/fr\/wp-json\/wp\/v2\/posts\/158065\/revisions"}],"wp:featuredmedia":[{"embeddable":true,"href":"https:\/\/www.europesays.com\/fr\/wp-json\/wp\/v2\/media\/158066"}],"wp:attachment":[{"href":"https:\/\/www.europesays.com\/fr\/wp-json\/wp\/v2\/media?parent=158065"}],"wp:term":[{"taxonomy":"category","embeddable":true,"href":"https:\/\/www.europesays.com\/fr\/wp-json\/wp\/v2\/categories?post=158065"},{"taxonomy":"post_tag","embeddable":true,"href":"https:\/\/www.europesays.com\/fr\/wp-json\/wp\/v2\/tags?post=158065"}],"curies":[{"name":"wp","href":"https:\/\/api.w.org\/{rel}","templated":true}]}}