{"id":158071,"date":"2025-06-07T03:19:19","date_gmt":"2025-06-07T03:19:19","guid":{"rendered":"https:\/\/www.europesays.com\/fr\/158071\/"},"modified":"2025-06-07T03:19:19","modified_gmt":"2025-06-07T03:19:19","slug":"une-femme-de-97-ans-fait-une-chute-mortelle-dans-le-centre-ville-de-rennes-une-enquete-ouverte-2","status":"publish","type":"post","link":"https:\/\/www.europesays.com\/fr\/158071\/","title":{"rendered":"Une femme de 97\u00a0ans fait une chute mortelle dans le centre-ville de Rennes : une enqu\u00eate ouverte"},"content":{"rendered":"<tr wp_automatic_readability=\"5.888198757764\">\n<td valign=\"middle\" align=\"center\" class=\"col-logo\" wp_automatic_readability=\"5\">\n    <img decoding=\"async\" src=\"https:\/\/www.europesays.com\/fr\/wp-content\/uploads\/2025\/04\/logo-of-monetise.svg\" alt=\"logo Ouest-France\" height=\"66\"\/><\/p>\n<p>Contenu r\u00e9serv\u00e9 aux abonn\u00e9s<\/p>\n<\/td>\n<td class=\"col-titre\">\n\t\t\tVendredi 06 juin 2025 18:51<br \/>\n\t\t\t<a class=\"icon-bulle sizeL count\" href=\"#ancreAvis\"><br \/>\n\t&#8230;<br \/>\n<\/a><\/td>\n<\/tr>\n<p>\t\t<a class=\"mavillebox2 elmt-photo\" href=\"https:\/\/maville.com\/photosmvi\/2025\/06\/06\/P35274797D6842228G.jpg\" title=\" L\u2019accident s\u2019est produit dans un immeuble situ\u00e9 rue de la Motte-Picquet dans le centre-ville de Rennes ce vendredi 6\u00a0juin 2025.  \u00a9  Ouest-France  &lt;!--TAG-BLC credit--&gt;\" rel=\"galerie_actu noopener\" target=\"_blank\"><br \/>\n\t<img decoding=\"async\" src=\"https:\/\/www.europesays.com\/fr\/wp-content\/uploads\/2025\/06\/P35274797D6842228G_crop_640-330_.jpg\" alt=\"photo  l\u2019accident s\u2019est produit dans un immeuble situ\u00e9 rue de la motte-picquet dans le centre-ville de rennes ce vendredi 6\u00a0juin 2025.  \u00a9  ouest-france \"\/><br \/>\n\t1<br \/>\n<\/a><\/p>\n<p class=\"elmt-legende\"> L\u2019accident s\u2019est produit dans un immeuble situ\u00e9 rue de la Motte-Picquet dans le centre-ville de Rennes ce vendredi 6\u00a0juin 2025.  \u00a9  Ouest-France  <\/p>\n<p>\t\tL\u2019accident s\u2019est produit ce vendredi 6\u00a0juin 2025 rue de la Motte-Picquet dans le centre-ville de Rennes (Ille-et-Vilaine). Pour des raisons qui restent \u00e0 d\u00e9terminer, une femme de 97\u00a0ans a fait une chute mortelle de la fen\u00eatre de son appartement. Une enqu\u00eate a \u00e9t\u00e9 ouverte par la police.<\/p>\n<p><b>Cet article est r\u00e9serv\u00e9 aux abonn\u00e9s<\/b><\/p>\n<p>Pour un acc\u00e8s imm\u00e9diat, abonnez-vous<\/p>\n<p><b>1\u00e8re semaine offerte<\/b><\/p>\n<p>\t\t Samuel NOHRA. \u00a0\u00a0<br \/>\n\t\tOuest-France<\/p>\n<p>Retrouvez d&rsquo;autres actus sur la commune de :<\/p>\n<p>\t\t&#13;<\/p>\n","protected":false},"excerpt":{"rendered":"Contenu r\u00e9serv\u00e9 aux abonn\u00e9s Vendredi 06 juin 2025 18:51 &#8230; 1 L\u2019accident s\u2019est produit dans un immeuble situ\u00e9&hellip;\n","protected":false},"author":2,"featured_media":157464,"comment_status":"","ping_status":"","sticky":false,"template":"","format":"standard","meta":{"footnotes":""},"categories":[2821],"tags":[19025,1111,11,1764,829,11898,837,1067,1777,674,21,1294,1011,27,1781,9900,12,12884,584,25],"class_list":{"0":"post-158071","1":"post","2":"type-post","3":"status-publish","4":"format-standard","5":"has-post-thumbnail","7":"category-rennes","8":"tag-19025","9":"tag-actu","10":"tag-actualites","11":"tag-ans","12":"tag-bretagne","13":"tag-centre-ville","14":"tag-chute","15":"tag-enquete","16":"tag-eu","17":"tag-europe","18":"tag-fait","19":"tag-femme","20":"tag-fr","21":"tag-france","22":"tag-lorient","23":"tag-mortelle","24":"tag-news","25":"tag-ouverte","26":"tag-rennes","27":"tag-republique-francaise"},"share_on_mastodon":{"url":"https:\/\/pubeurope.com\/@fr\/114639927014465045","error":""},"_links":{"self":[{"href":"https:\/\/www.europesays.com\/fr\/wp-json\/wp\/v2\/posts\/158071","targetHints":{"allow":["GET"]}}],"collection":[{"href":"https:\/\/www.europesays.com\/fr\/wp-json\/wp\/v2\/posts"}],"about":[{"href":"https:\/\/www.europesays.com\/fr\/wp-json\/wp\/v2\/types\/post"}],"author":[{"embeddable":true,"href":"https:\/\/www.europesays.com\/fr\/wp-json\/wp\/v2\/users\/2"}],"replies":[{"embeddable":true,"href":"https:\/\/www.europesays.com\/fr\/wp-json\/wp\/v2\/comments?post=158071"}],"version-history":[{"count":0,"href":"https:\/\/www.europesays.com\/fr\/wp-json\/wp\/v2\/posts\/158071\/revisions"}],"wp:featuredmedia":[{"embeddable":true,"href":"https:\/\/www.europesays.com\/fr\/wp-json\/wp\/v2\/media\/157464"}],"wp:attachment":[{"href":"https:\/\/www.europesays.com\/fr\/wp-json\/wp\/v2\/media?parent=158071"}],"wp:term":[{"taxonomy":"category","embeddable":true,"href":"https:\/\/www.europesays.com\/fr\/wp-json\/wp\/v2\/categories?post=158071"},{"taxonomy":"post_tag","embeddable":true,"href":"https:\/\/www.europesays.com\/fr\/wp-json\/wp\/v2\/tags?post=158071"}],"curies":[{"name":"wp","href":"https:\/\/api.w.org\/{rel}","templated":true}]}}