{"id":158072,"date":"2025-06-07T03:20:36","date_gmt":"2025-06-07T03:20:36","guid":{"rendered":"https:\/\/www.europesays.com\/fr\/158072\/"},"modified":"2025-06-07T03:20:36","modified_gmt":"2025-06-07T03:20:36","slug":"le-plus-jeune-candidat-inscrit-a-8-ans-nouveau-record","status":"publish","type":"post","link":"https:\/\/www.europesays.com\/fr\/158072\/","title":{"rendered":"le plus jeune candidat inscrit a&#8230; 8 ans, nouveau record"},"content":{"rendered":"<p>C&rsquo;est historique. Le plus jeune candidat au baccalaur\u00e9at g\u00e9n\u00e9ral et technologique 2025 a&#8230;\u00a08 ans \u00a0! Un nouveau record dans l&rsquo;histoire de cet examen de fin de scolarit\u00e9, a annonc\u00e9 vendredi le minist\u00e8re de l&rsquo;Education nationale.<\/p>\n<p>  Un pr\u00e9c\u00e9dent record l&rsquo;ann\u00e9e derni\u00e8re<\/p>\n<p>Cet \u00e9l\u00e8ve, en \u00e2ge d&rsquo;\u00eatre scolaris\u00e9 en CE1 ou CE2, est inscrit en candidat individuel (candidat libre) \u00e0 la session du baccalaur\u00e9at, qui d\u00e9marre le 16 juin avec l&rsquo;\u00e9preuve de philosophie, a pr\u00e9cis\u00e9 le minist\u00e8re en marge d&rsquo;une conf\u00e9rence de presse sur la pr\u00e9sentation du bac. L&rsquo;an dernier, la plus jeune candidate, \u00e9l\u00e8ve de l&rsquo;acad\u00e9mie de Strasbourg, <a href=\"https:\/\/www.vosgesmatin.fr\/education\/2024\/06\/07\/baccalaureat-2024-la-plus-jeune-candidate-inscrite-a-9-ans-un-record\" target=\"_blank\" rel=\"nofollow noopener\">avait 9 ans, un pr\u00e9c\u00e9dent record pour le bac.<\/a><\/p>\n<p>\u00ab Ce sont vraiment des cas tr\u00e8s particuliers. \u00c0 chaque fois, c&rsquo;est un \u00e9l\u00e8ve sur l&rsquo;ensemble d&rsquo;une cohorte, donc \u00e7a fait figure d&rsquo;exception \u00bb, a pr\u00e9cis\u00e9 Caroline Pascal, directrice g\u00e9n\u00e9rale de l&rsquo;enseignement scolaire (Dgesco) lors de ce point presse.<\/p>\n<p>Pour cette \u00e9dition 2025 du bac, qui r\u00e9unit 724 633 candidats, le postulant inscrit le plus \u00e2g\u00e9 a de son c\u00f4t\u00e9 78 ans (bac g\u00e9n\u00e9ral et technologique), a pr\u00e9cis\u00e9 le minist\u00e8re.<\/p>\n","protected":false},"excerpt":{"rendered":"C&rsquo;est historique. Le plus jeune candidat au baccalaur\u00e9at g\u00e9n\u00e9ral et technologique 2025 a&#8230;\u00a08 ans \u00a0! Un nouveau record&hellip;\n","protected":false},"author":2,"featured_media":158073,"comment_status":"","ping_status":"","sticky":false,"template":"","format":"standard","meta":{"footnotes":""},"categories":[2820],"tags":[1111,11,1057,1777,674,107,1011,27,329,775,1757,12,25,640],"class_list":{"0":"post-158072","1":"post","2":"type-post","3":"status-publish","4":"format-standard","5":"has-post-thumbnail","7":"category-strasbourg","8":"tag-actu","9":"tag-actualites","10":"tag-education","11":"tag-eu","12":"tag-europe","13":"tag-fil-info","14":"tag-fr","15":"tag-france","16":"tag-france-monde","17":"tag-grand-est","18":"tag-insolite","19":"tag-news","20":"tag-republique-francaise","21":"tag-strasbourg"},"share_on_mastodon":{"url":"https:\/\/pubeurope.com\/@fr\/114639930908273348","error":""},"_links":{"self":[{"href":"https:\/\/www.europesays.com\/fr\/wp-json\/wp\/v2\/posts\/158072","targetHints":{"allow":["GET"]}}],"collection":[{"href":"https:\/\/www.europesays.com\/fr\/wp-json\/wp\/v2\/posts"}],"about":[{"href":"https:\/\/www.europesays.com\/fr\/wp-json\/wp\/v2\/types\/post"}],"author":[{"embeddable":true,"href":"https:\/\/www.europesays.com\/fr\/wp-json\/wp\/v2\/users\/2"}],"replies":[{"embeddable":true,"href":"https:\/\/www.europesays.com\/fr\/wp-json\/wp\/v2\/comments?post=158072"}],"version-history":[{"count":0,"href":"https:\/\/www.europesays.com\/fr\/wp-json\/wp\/v2\/posts\/158072\/revisions"}],"wp:featuredmedia":[{"embeddable":true,"href":"https:\/\/www.europesays.com\/fr\/wp-json\/wp\/v2\/media\/158073"}],"wp:attachment":[{"href":"https:\/\/www.europesays.com\/fr\/wp-json\/wp\/v2\/media?parent=158072"}],"wp:term":[{"taxonomy":"category","embeddable":true,"href":"https:\/\/www.europesays.com\/fr\/wp-json\/wp\/v2\/categories?post=158072"},{"taxonomy":"post_tag","embeddable":true,"href":"https:\/\/www.europesays.com\/fr\/wp-json\/wp\/v2\/tags?post=158072"}],"curies":[{"name":"wp","href":"https:\/\/api.w.org\/{rel}","templated":true}]}}