{"id":158076,"date":"2025-06-07T03:22:13","date_gmt":"2025-06-07T03:22:13","guid":{"rendered":"https:\/\/www.europesays.com\/fr\/158076\/"},"modified":"2025-06-07T03:22:13","modified_gmt":"2025-06-07T03:22:13","slug":"le-tramway-nicois-simmerge-dans-la-symphonique-oceanique","status":"publish","type":"post","link":"https:\/\/www.europesays.com\/fr\/158076\/","title":{"rendered":"Le tramway ni\u00e7ois s\u2019immerge dans la symphonique oc\u00e9anique"},"content":{"rendered":"<p>Le chant des mouettes ni\u00e7oises, de l\u2019\u00e9cume sur la plage de Villefranche, des dauphins en M\u00e9diterran\u00e9e, d\u2019une baleine en Polyn\u00e9sie, et m\u00eame du monde du silence. La grande symphonie oc\u00e9anique emporte la foule, depuis dimanche, \u00e0 bord du tramway ni\u00e7ois. Jusqu\u2019au 15 juin, toutes les lignes se sont mises au diapason de la 3e Conf\u00e9rence des Nations unies pour l\u2019Oc\u00e9an (UNOC-3), avec des cr\u00e9ations sonores taill\u00e9es sur mesure.<\/p>\n<p>Pour l\u2019occasion, le Ni\u00e7ois Michel Redolfi en a ajout\u00e9 une quinzaine \u00e0 sa collection d\u00e9j\u00e0 riche. Depuis 2007 et le lancement de la premi\u00e8re ligne du tram\u2019, cet alchimiste du son compose les sonals qui accompagnent les passagers. \u00e0 l\u2019heure o\u00f9 le coeur de la plan\u00e8te bleue bat \u00e0 Nice, il propose un cocktail marin rafra\u00eechissant. Trois sonals sont d\u00e9clin\u00e9s \u00e0 intervalles r\u00e9guliers sur les lignes et dans les stations du R\u00e9seau Lignes d\u2019Azur. L\u2019acteur Jean-Marc Barr, figure iconique du \u00ab\u00a0Grand Bleu\u00a0\u00bb de Luc Besson, a pos\u00e9 sa voix pour accueillir les passagers, du port \u00e0 l\u2019a\u00e9roport.<\/p>\n<p>De \u00ab\u00a0Sonic waters\u00a0\u00bb \u00e0 \u00ab\u00a0Nausica\u00e0\u00a0\u00bb, Michel Redolfi s\u2019est impos\u00e9 comme un sp\u00e9cialiste des performances subaquatiques. Ce vendredi, il a pr\u00e9sent\u00e9 avec Jean-Marc Barr le concert subaquatique \u00ab\u00a0Sea of sound\u00a0\u00bb, qui envo\u00fbtera la rade de Villefranche-sur-Mer le week-end du 12 au 13 juillet. Une exp\u00e9rience immersive qui offrira aux nageurs la cl\u00e9 des chants.<\/p>\n","protected":false},"excerpt":{"rendered":"Le chant des mouettes ni\u00e7oises, de l\u2019\u00e9cume sur la plage de Villefranche, des dauphins en M\u00e9diterran\u00e9e, d\u2019une baleine&hellip;\n","protected":false},"author":2,"featured_media":158077,"comment_status":"","ping_status":"","sticky":false,"template":"","format":"standard","meta":{"footnotes":""},"categories":[2819],"tags":[1111,11,251,436,1777,674,1011,27,873,12,2401,882,25],"class_list":{"0":"post-158076","1":"post","2":"type-post","3":"status-publish","4":"format-standard","5":"has-post-thumbnail","7":"category-nice","8":"tag-actu","9":"tag-actualites","10":"tag-culture","11":"tag-environnement","12":"tag-eu","13":"tag-europe","14":"tag-fr","15":"tag-france","16":"tag-musique","17":"tag-news","18":"tag-nice","19":"tag-provence-alpes-cote-dazur","20":"tag-republique-francaise"},"share_on_mastodon":{"url":"https:\/\/pubeurope.com\/@fr\/114639938830545258","error":""},"_links":{"self":[{"href":"https:\/\/www.europesays.com\/fr\/wp-json\/wp\/v2\/posts\/158076","targetHints":{"allow":["GET"]}}],"collection":[{"href":"https:\/\/www.europesays.com\/fr\/wp-json\/wp\/v2\/posts"}],"about":[{"href":"https:\/\/www.europesays.com\/fr\/wp-json\/wp\/v2\/types\/post"}],"author":[{"embeddable":true,"href":"https:\/\/www.europesays.com\/fr\/wp-json\/wp\/v2\/users\/2"}],"replies":[{"embeddable":true,"href":"https:\/\/www.europesays.com\/fr\/wp-json\/wp\/v2\/comments?post=158076"}],"version-history":[{"count":0,"href":"https:\/\/www.europesays.com\/fr\/wp-json\/wp\/v2\/posts\/158076\/revisions"}],"wp:featuredmedia":[{"embeddable":true,"href":"https:\/\/www.europesays.com\/fr\/wp-json\/wp\/v2\/media\/158077"}],"wp:attachment":[{"href":"https:\/\/www.europesays.com\/fr\/wp-json\/wp\/v2\/media?parent=158076"}],"wp:term":[{"taxonomy":"category","embeddable":true,"href":"https:\/\/www.europesays.com\/fr\/wp-json\/wp\/v2\/categories?post=158076"},{"taxonomy":"post_tag","embeddable":true,"href":"https:\/\/www.europesays.com\/fr\/wp-json\/wp\/v2\/tags?post=158076"}],"curies":[{"name":"wp","href":"https:\/\/api.w.org\/{rel}","templated":true}]}}