{"id":158080,"date":"2025-06-07T03:25:39","date_gmt":"2025-06-07T03:25:39","guid":{"rendered":"https:\/\/www.europesays.com\/fr\/158080\/"},"modified":"2025-06-07T03:25:39","modified_gmt":"2025-06-07T03:25:39","slug":"des-banderoles-fleurissent-contre-pierre-edouard-sterin","status":"publish","type":"post","link":"https:\/\/www.europesays.com\/fr\/158080\/","title":{"rendered":"des banderoles fleurissent contre Pierre-\u00c9douard St\u00e9rin"},"content":{"rendered":"<p>\t\t<img decoding=\"async\" src=\"https:\/\/www.europesays.com\/fr\/wp-content\/uploads\/2025\/06\/1-1.jpg\" class=\"advgb-image-slider-img\" alt=\"\" style=\"width:100%;height:auto\"\/><a class=\"advgb-image-slider-overlay\" target=\"_blank\" rel=\"noopener noreferrer\" href=\"#\"\/><img decoding=\"async\" src=\"https:\/\/www.europesays.com\/fr\/wp-content\/uploads\/2025\/06\/2-1-e1749131880617.jpg\" class=\"advgb-image-slider-img\" alt=\"\" style=\"width:100%;height:auto\"\/><a class=\"advgb-image-slider-overlay\" target=\"_blank\" rel=\"noopener noreferrer\" href=\"#\"\/><img decoding=\"async\" src=\"https:\/\/www.europesays.com\/fr\/wp-content\/uploads\/2025\/06\/3-1.jpg\" class=\"advgb-image-slider-img\" alt=\"\" style=\"width:100%;height:auto\"\/><a class=\"advgb-image-slider-overlay\" target=\"_blank\" rel=\"noopener noreferrer\" href=\"#\"\/><\/p>\n<p>\u00c0 quelques heures <a href=\"https:\/\/contre-attaque.net\/2025\/06\/03\/jeudi-5-juin-a-nantes-grande-mobilisation-antifasciste\/\" target=\"_blank\" rel=\"noopener\">du gala d\u2019extr\u00eame droite organis\u00e9 par le milliardaire Pierre-\u00c9douard St\u00e9rin<\/a> \u00e0 Nantes, et alors que <a href=\"https:\/\/contre-attaque.net\/2025\/06\/05\/pour-proteger-lextreme-droite-le-prefet-de-nantes-boucle-toute-une-partie-de-la-ville\/\" target=\"_blank\" rel=\"noopener\">le pr\u00e9fet a cr\u00e9\u00e9 une zone rouge interdite de manifestation<\/a> comprenant la moiti\u00e9 de la ville pour prot\u00e9ger les fascistes, des banderoles fleurissent\u2026<\/p>\n<p>Sur le p\u00e9riph\u00e9rique, dans le centre-ville, pr\u00e8s de la Cit\u00e9 des Congr\u00e8s\u00a0: des messages contre le milliardaire qui a mis sa fortune au service d\u2019une victoire de l\u2019extr\u00eame droite en France sont visibles un peu partout. La rue n\u2019appartient pas aux fascistes.<\/p>\n<p><strong>AIDEZ CONTRE ATTAQUE<\/strong><\/p>\n<p class=\"has-text-align-center\">Depuis 2012, nous vous offrons une information de qualit\u00e9, libre et gratuite. Pour continuer ce travail essentiel nous avons besoin de votre aide. <\/p>\n<p class=\"has-text-align-center\"><a href=\"https:\/\/contre-attaque.net\/donner\/\" target=\"_blank\" rel=\"noopener\">Faites un don \u00e0 Contre Attaque, chaque euro compte.<\/a><\/p>\n<p><a class=\"wp-block-button__link has-vivid-red-background-color has-background has-text-align-center wp-element-button\" href=\"https:\/\/contre-attaque.net\/donner\/\" target=\"_blank\" rel=\"noopener\">faire un don<\/a><\/p>\n","protected":false},"excerpt":{"rendered":"\u00c0 quelques heures du gala d\u2019extr\u00eame droite organis\u00e9 par le milliardaire Pierre-\u00c9douard St\u00e9rin \u00e0 Nantes, et alors que&hellip;\n","protected":false},"author":2,"featured_media":158081,"comment_status":"","ping_status":"","sticky":false,"template":"","format":"standard","meta":{"footnotes":""},"categories":[2818],"tags":[1111,11,13797,28926,1777,674,1011,27,766,12,2636,2189,24249,25],"class_list":{"0":"post-158080","1":"post","2":"type-post","3":"status-publish","4":"format-standard","5":"has-post-thumbnail","7":"category-nantes","8":"tag-actu","9":"tag-actualites","10":"tag-antifascisme","11":"tag-banderole","12":"tag-eu","13":"tag-europe","14":"tag-fr","15":"tag-france","16":"tag-nantes","17":"tag-news","18":"tag-pays-de-la-loire","19":"tag-photos","20":"tag-pierre-edouard-sterin","21":"tag-republique-francaise"},"share_on_mastodon":{"url":"https:\/\/pubeurope.com\/@fr\/114639950764471676","error":""},"_links":{"self":[{"href":"https:\/\/www.europesays.com\/fr\/wp-json\/wp\/v2\/posts\/158080","targetHints":{"allow":["GET"]}}],"collection":[{"href":"https:\/\/www.europesays.com\/fr\/wp-json\/wp\/v2\/posts"}],"about":[{"href":"https:\/\/www.europesays.com\/fr\/wp-json\/wp\/v2\/types\/post"}],"author":[{"embeddable":true,"href":"https:\/\/www.europesays.com\/fr\/wp-json\/wp\/v2\/users\/2"}],"replies":[{"embeddable":true,"href":"https:\/\/www.europesays.com\/fr\/wp-json\/wp\/v2\/comments?post=158080"}],"version-history":[{"count":0,"href":"https:\/\/www.europesays.com\/fr\/wp-json\/wp\/v2\/posts\/158080\/revisions"}],"wp:featuredmedia":[{"embeddable":true,"href":"https:\/\/www.europesays.com\/fr\/wp-json\/wp\/v2\/media\/158081"}],"wp:attachment":[{"href":"https:\/\/www.europesays.com\/fr\/wp-json\/wp\/v2\/media?parent=158080"}],"wp:term":[{"taxonomy":"category","embeddable":true,"href":"https:\/\/www.europesays.com\/fr\/wp-json\/wp\/v2\/categories?post=158080"},{"taxonomy":"post_tag","embeddable":true,"href":"https:\/\/www.europesays.com\/fr\/wp-json\/wp\/v2\/tags?post=158080"}],"curies":[{"name":"wp","href":"https:\/\/api.w.org\/{rel}","templated":true}]}}