{"id":158084,"date":"2025-06-07T03:27:09","date_gmt":"2025-06-07T03:27:09","guid":{"rendered":"https:\/\/www.europesays.com\/fr\/158084\/"},"modified":"2025-06-07T03:27:09","modified_gmt":"2025-06-07T03:27:09","slug":"tous-les-scenarios-du-maintien","status":"publish","type":"post","link":"https:\/\/www.europesays.com\/fr\/158084\/","title":{"rendered":"tous les sc\u00e9narios du maintien"},"content":{"rendered":"<p>La derni\u00e8re journ\u00e9e du Top 14 s\u2019annonce explosive, et pas seulement en haut du classement. En bas de tableau, trois \u00e9quipes sont encore concern\u00e9es par le maintien : le Stade fran\u00e7ais, Perpignan et le RC Vannes. Si le club breton semble en position la plus d\u00e9licate, il n\u2019est pas encore condamn\u00e9 \u00e0 la rel\u00e9gation. \u00c0 condition de r\u00e9ussir un exploit \u00e0 Bordeaux et de compter sur des r\u00e9sultats favorables ailleurs.<\/p>\n<p>Un dernier combat pour le RC Vannes<\/p>\n<p>Avec 36 points, le RC Vannes aborde la 26e journ\u00e9e en lanterne rouge. Les Vannetais se d\u00e9placent \u00e0 Chaban-Delmas pour y affronter Bordeaux-B\u00e8gles, r\u00e9cent vainqueur de la Champions Cup et actuel deuxi\u00e8me du championnat. Une mission p\u00e9rilleuse, d\u2019autant que l\u2019UBB aligne ses cadres (Jalibert, Bielle-Biarrey, Penaud, Diaby\u2026) pour s\u00e9curiser une qualification directe en demi-finale.<\/p>\n<p>En face, le RC Vannes aligne une \u00e9quipe remani\u00e9e mais combative. Michael Ruru, de retour apr\u00e8s deux mois d\u2019absence, sera titulaire \u00e0 la m\u00eal\u00e9e. Nakosi, Surano, Taccola ou encore Gorrissen (capitaine) seront de la partie. Fabrice Metz, tr\u00e8s sollicit\u00e9 cette saison, est laiss\u00e9 au repos. Rayasi et Saili sont forfaits.<\/p>\n<p>Sc\u00e9narios du maintien : un exploit n\u00e9cessaire<\/p>\n<p>Pour esp\u00e9rer se maintenir directement, Vannes doit imp\u00e9rativement :<\/p>\n<ul>\n<li><strong>S\u2019imposer avec le bonus offensif<\/strong>\u00a0\u00e0 Bordeaux,<\/li>\n<li><strong>Et esp\u00e9rer que Perpignan perde sans bonus face \u00e0 Toulouse<\/strong>,<\/li>\n<li><strong>Et que le Stade fran\u00e7ais s\u2019incline \u00e9galement sans bonus contre Castres<\/strong>,<\/li>\n<li><strong>Tout en rattrapant Paris au goal-average<\/strong>\u00a0(actuellement -199 pour Vannes contre -169 pour Paris).<\/li>\n<\/ul>\n<p>Dans ce cas pr\u00e9cis, les trois \u00e9quipes compteraient 41 points, et Vannes passerait 12e \u00e0 la faveur du goal-average particulier. Un sc\u00e9nario hautement improbable\u2026 mais math\u00e9matiquement possible.<\/p>\n<p>Si ce miracle n\u2019a pas lieu, Vannes peut encore\u00a0<strong>accrocher la 13e place<\/strong>, synonyme de match de barrage contre le finaliste de Pro D2 (Grenoble ou Montauban). Cela n\u00e9cessiterait :<\/p>\n<ul>\n<li>Une\u00a0<strong>victoire avec bonus offensif<\/strong>\u00a0contre Bordeaux (41 points),<\/li>\n<li>Une\u00a0<strong>d\u00e9faite s\u00e8che de Perpignan<\/strong>\u00a0contre Toulouse (40 points),<\/li>\n<li>Et une\u00a0<strong>d\u00e9faite du Stade fran\u00e7ais<\/strong>, mais avec au moins un bonus d\u00e9fensif (42 points).<\/li>\n<\/ul>\n<p>Dans tous les autres cas, les Bretons seraient rel\u00e9gu\u00e9s.<\/p>\n<p>Paris et Perpignan : deux autres clubs en sursis<\/p>\n<p>Le Stade fran\u00e7ais, 12e avec 41 points, peut encore sauver sa peau ou glisser jusqu\u2019\u00e0 la 14e place en cas de mauvais r\u00e9sultat face \u00e0 Castres. Sa situation d\u00e9pendra notamment du score de Perpignan contre Toulouse. L\u2019USAP (40 points) est elle aussi suspendue au r\u00e9sultat du week-end. Un succ\u00e8s face \u00e0 Toulouse pourrait lui assurer le maintien direct si Paris ne s\u2019impose pas. Mais une d\u00e9faite sans bonus pourrait l\u2019envoyer en Pro D2 si Vannes r\u00e9alise l\u2019exploit \u00e0 Bordeaux.<\/p>\n<p>Pour sa premi\u00e8re ann\u00e9e en Top 14, le RC Vannes a d\u00e9couvert l\u2019\u00e9lite avec courage et t\u00e9nacit\u00e9. Souvent d\u00e9pass\u00e9 mais jamais r\u00e9sign\u00e9, le club breton aura marqu\u00e9 les esprits par son abn\u00e9gation, sa fid\u00e9lit\u00e9 \u00e0 ses valeurs, et l\u2019enthousiasme de ses supporters.<\/p>\n<p>Samedi 7 juin \u00e0 21h05, \u00e0 Bordeaux, les hommes de Jean-No\u00ebl Spitzer joueront leur dernier match de la saison, peut-\u00eatre de leur aventure en Top 14. Mais une chose est s\u00fbre : ils ne rendront pas les armes sans livrer un dernier combat.<\/p>\n<p id=\"section-12-la-composition-probable\"><strong>La composition probable<\/strong><\/p>\n<p><strong>Le XV titulaire\u00a0:<\/strong>\u00a0Surano \u2013 Camou, Taccola, Boudehent, Nakosi \u2013 Lafage (o), Ruru (m) \u2013 Kalamafoni, Gorrissen (cap), Boulier \u2013 Edwards, Marks \u2013 Medrano, B\u00e9ziat, Vunipola.<\/p>\n<p><strong>Les rempla\u00e7ants\u00a0:\u00a0<\/strong>Blanchard, Moukoro, Desjeux, Parete, Chateau, Varney, Porche, Kite.<\/p>\n<p>Cr\u00e9dit photo : DR<br \/>[cc]\u00a0<a class=\"vglnk\" href=\"https:\/\/www.breizh-info.com\/\" target=\"_blank\" rel=\"nofollow noopener noreferrer\" data-wpel-link=\"external\">Breizh-info.com<\/a>, 2025 d\u00e9p\u00eaches libres de copie et de diffusion sous r\u00e9serve de mention et de lien vers la source d\u2019origine<\/p>\n","protected":false},"excerpt":{"rendered":"La derni\u00e8re journ\u00e9e du Top 14 s\u2019annonce explosive, et pas seulement en haut du classement. En bas de&hellip;\n","protected":false},"author":2,"featured_media":158085,"comment_status":"","ping_status":"","sticky":false,"template":"","format":"standard","meta":{"footnotes":""},"categories":[2817],"tags":[1111,11,1997,1777,674,1011,27,12,2219,3164,25,479,478,4364],"class_list":{"0":"post-158084","1":"post","2":"type-post","3":"status-publish","4":"format-standard","5":"has-post-thumbnail","7":"category-bordeaux","8":"tag-actu","9":"tag-actualites","10":"tag-bordeaux","11":"tag-eu","12":"tag-europe","13":"tag-fr","14":"tag-france","15":"tag-news","16":"tag-nouvelle-aquitaine","17":"tag-rc-vannes","18":"tag-republique-francaise","19":"tag-rugby","20":"tag-top-14","21":"tag-ubb"},"share_on_mastodon":{"url":"https:\/\/pubeurope.com\/@fr\/114639958402331377","error":""},"_links":{"self":[{"href":"https:\/\/www.europesays.com\/fr\/wp-json\/wp\/v2\/posts\/158084","targetHints":{"allow":["GET"]}}],"collection":[{"href":"https:\/\/www.europesays.com\/fr\/wp-json\/wp\/v2\/posts"}],"about":[{"href":"https:\/\/www.europesays.com\/fr\/wp-json\/wp\/v2\/types\/post"}],"author":[{"embeddable":true,"href":"https:\/\/www.europesays.com\/fr\/wp-json\/wp\/v2\/users\/2"}],"replies":[{"embeddable":true,"href":"https:\/\/www.europesays.com\/fr\/wp-json\/wp\/v2\/comments?post=158084"}],"version-history":[{"count":0,"href":"https:\/\/www.europesays.com\/fr\/wp-json\/wp\/v2\/posts\/158084\/revisions"}],"wp:featuredmedia":[{"embeddable":true,"href":"https:\/\/www.europesays.com\/fr\/wp-json\/wp\/v2\/media\/158085"}],"wp:attachment":[{"href":"https:\/\/www.europesays.com\/fr\/wp-json\/wp\/v2\/media?parent=158084"}],"wp:term":[{"taxonomy":"category","embeddable":true,"href":"https:\/\/www.europesays.com\/fr\/wp-json\/wp\/v2\/categories?post=158084"},{"taxonomy":"post_tag","embeddable":true,"href":"https:\/\/www.europesays.com\/fr\/wp-json\/wp\/v2\/tags?post=158084"}],"curies":[{"name":"wp","href":"https:\/\/api.w.org\/{rel}","templated":true}]}}