{"id":158099,"date":"2025-06-07T03:35:17","date_gmt":"2025-06-07T03:35:17","guid":{"rendered":"https:\/\/www.europesays.com\/fr\/158099\/"},"modified":"2025-06-07T03:35:17","modified_gmt":"2025-06-07T03:35:17","slug":"un-magasin-ephemere-reserve-aux-femmes-voilees-a-ouvert-a-lyon","status":"publish","type":"post","link":"https:\/\/www.europesays.com\/fr\/158099\/","title":{"rendered":"Un magasin \u00e9ph\u00e9m\u00e8re r\u00e9serv\u00e9 aux femmes voil\u00e9es a ouvert \u00e0 Lyon"},"content":{"rendered":"<p>\tUn magasin \u00e9ph\u00e9m\u00e8re r\u00e9serv\u00e9 aux femmes voil\u00e9es a ouvert \u00e0 Lyon &#8211; Valeurs actuelles<\/p>\n<p><a href=\"https:\/\/www.valeursactuelles.com\/\" target=\"_blank\" rel=\"noopener\">Accueil<\/a> \u00bb <a href=\"https:\/\/www.valeursactuelles.com\/societe\" target=\"_blank\" rel=\"noopener\">Soci\u00e9t\u00e9<\/a> \u00bb Un magasin \u00e9ph\u00e9m\u00e8re r\u00e9serv\u00e9 aux femmes voil\u00e9es a ouvert \u00e0 Lyon<\/p>\n","protected":false},"excerpt":{"rendered":"Un magasin \u00e9ph\u00e9m\u00e8re r\u00e9serv\u00e9 aux femmes voil\u00e9es a ouvert \u00e0 Lyon &#8211; Valeurs actuelles Accueil \u00bb Soci\u00e9t\u00e9 \u00bb&hellip;\n","protected":false},"author":2,"featured_media":158100,"comment_status":"","ping_status":"","sticky":false,"template":"","format":"standard","meta":{"footnotes":""},"categories":[1889],"tags":[28927,1111,11,2430,1777,674,1011,27,28928,2428,11906,12,25,3223],"class_list":{"0":"post-158099","1":"post","2":"type-post","3":"status-publish","4":"format-standard","5":"has-post-thumbnail","7":"category-lyon","8":"tag-abaya","9":"tag-actu","10":"tag-actualites","11":"tag-auvergne-rhone-alpes","12":"tag-eu","13":"tag-europe","14":"tag-fr","15":"tag-france","16":"tag-hijab","17":"tag-lyon","18":"tag-magasins","19":"tag-news","20":"tag-republique-francaise","21":"tag-voile-islamique"},"share_on_mastodon":{"url":"https:\/\/pubeurope.com\/@fr\/114639989858167726","error":""},"_links":{"self":[{"href":"https:\/\/www.europesays.com\/fr\/wp-json\/wp\/v2\/posts\/158099","targetHints":{"allow":["GET"]}}],"collection":[{"href":"https:\/\/www.europesays.com\/fr\/wp-json\/wp\/v2\/posts"}],"about":[{"href":"https:\/\/www.europesays.com\/fr\/wp-json\/wp\/v2\/types\/post"}],"author":[{"embeddable":true,"href":"https:\/\/www.europesays.com\/fr\/wp-json\/wp\/v2\/users\/2"}],"replies":[{"embeddable":true,"href":"https:\/\/www.europesays.com\/fr\/wp-json\/wp\/v2\/comments?post=158099"}],"version-history":[{"count":0,"href":"https:\/\/www.europesays.com\/fr\/wp-json\/wp\/v2\/posts\/158099\/revisions"}],"wp:featuredmedia":[{"embeddable":true,"href":"https:\/\/www.europesays.com\/fr\/wp-json\/wp\/v2\/media\/158100"}],"wp:attachment":[{"href":"https:\/\/www.europesays.com\/fr\/wp-json\/wp\/v2\/media?parent=158099"}],"wp:term":[{"taxonomy":"category","embeddable":true,"href":"https:\/\/www.europesays.com\/fr\/wp-json\/wp\/v2\/categories?post=158099"},{"taxonomy":"post_tag","embeddable":true,"href":"https:\/\/www.europesays.com\/fr\/wp-json\/wp\/v2\/tags?post=158099"}],"curies":[{"name":"wp","href":"https:\/\/api.w.org\/{rel}","templated":true}]}}