{"id":158107,"date":"2025-06-07T03:41:23","date_gmt":"2025-06-07T03:41:23","guid":{"rendered":"https:\/\/www.europesays.com\/fr\/158107\/"},"modified":"2025-06-07T03:41:23","modified_gmt":"2025-06-07T03:41:23","slug":"comment-les-groupes-de-pair-aidance-ont-fait-leurs-preuves-a-paris","status":"publish","type":"post","link":"https:\/\/www.europesays.com\/fr\/158107\/","title":{"rendered":"comment les groupes de pair-aidance ont fait leurs preuves \u00e0 Paris"},"content":{"rendered":"<p>Les groupes de partage d\u2019exp\u00e9riences entre patients ont depuis longtemps fait leurs preuves dans les domaines de la sant\u00e9 mentale et de l\u2019addiction. Appliqu\u00e9e au handicap, cette approche s\u2019av\u00e8re tout aussi pertinente. Au sein de la ville de Paris, ces groupes dits de \u00ab\u2009pair-aidance\u2009\u00bb ont \u00e9t\u00e9 impuls\u00e9s par une cadre, Line Lobel, cheffe du p\u00f4le \u00ab\u2009appui transverse\u2009\u00bb du service facturier \u00e0 la direction des finances et des achats (DFA), elle-m\u00eame b\u00e8gue.<\/p>\n<p>Quatre communaut\u00e9s d\u2019entraide sont actives\u2009: un groupe de quinze agents porteurs de diff\u00e9rents handicaps \u00e0 la DFA (cr\u00e9\u00e9 en f\u00e9vrier\u00a02023), un groupe de treize personnes compos\u00e9 d\u2019agents sourds signant \u00e0 la direction des espaces verts et de l\u2019environnement (lanc\u00e9 en avril 2024), un groupe \u00e0 la direction de l\u2019urbanisme (constitu\u00e9 fin 2024) et un &#8230;<\/p>\n<p class=\"blocCut__title\">\n\t\t\t\t\t\t\t\t\t[80% reste \u00e0 lire]\n\t\t\t\t\t\t\t<\/p>\n<p class=\"blocCut__title--type2\">Article r\u00e9serv\u00e9 aux abonn\u00e9s<\/p>\n<p class=\"blocCut__title--type3\">Gazette des Communes, Club Sant\u00e9 Social<\/p>\n<p class=\"blocCut__title--type2\">VOUS N&rsquo;\u00eaTES PAS ABONN\u00e9 ?<\/p>\n<p class=\"blocCut__title--type4\">Testez notre Offre D\u00e9couverte Club Sant\u00e9 Social pendant 15 jours<\/p>\n<p>\t\t\t\t\t\t\t\t<a href=\"https:\/\/www.abonnement.infopro-digital.com\/offre-decouverte-du-club-sante-social\/inscription\/623\/3423#xtor=CS5-330-[site_paywall]-[https:\/\/www.lagazettedescommunes.com\/988161\/handicap-comment-les-groupes-de-pair-aidance-ont-fait-leurs-preuves-a-paris\/]-[page_article]-[a]\" target=\"_blank\" class=\"btn__full buttonTypeA buttonTypeA--1\" rel=\"noopener\">J\u2019en profite<\/a><\/p>\n","protected":false},"excerpt":{"rendered":"Les groupes de partage d\u2019exp\u00e9riences entre patients ont depuis longtemps fait leurs preuves dans les domaines de la&hellip;\n","protected":false},"author":2,"featured_media":158108,"comment_status":"","ping_status":"","sticky":false,"template":"","format":"standard","meta":{"footnotes":""},"categories":[1888],"tags":[2344,47,2341,11,2349,2340,1777,674,1011,27,1943,28929,12,626,25,2343],"class_list":{"0":"post-158107","1":"post","2":"type-post","3":"status-publish","4":"format-standard","5":"has-post-thumbnail","7":"category-paris","8":"tag-actu-expert-sante-social","9":"tag-actualite","10":"tag-actualite-sante-social","11":"tag-actualites","12":"tag-articles-reserves","13":"tag-club-sante-social","14":"tag-eu","15":"tag-europe","16":"tag-fr","17":"tag-france","18":"tag-handicap","19":"tag-mparnaudeau","20":"tag-news","21":"tag-paris","22":"tag-republique-francaise","23":"tag-toute-lactu-sante-social"},"share_on_mastodon":{"url":"https:\/\/pubeurope.com\/@fr\/114640013419217110","error":""},"_links":{"self":[{"href":"https:\/\/www.europesays.com\/fr\/wp-json\/wp\/v2\/posts\/158107","targetHints":{"allow":["GET"]}}],"collection":[{"href":"https:\/\/www.europesays.com\/fr\/wp-json\/wp\/v2\/posts"}],"about":[{"href":"https:\/\/www.europesays.com\/fr\/wp-json\/wp\/v2\/types\/post"}],"author":[{"embeddable":true,"href":"https:\/\/www.europesays.com\/fr\/wp-json\/wp\/v2\/users\/2"}],"replies":[{"embeddable":true,"href":"https:\/\/www.europesays.com\/fr\/wp-json\/wp\/v2\/comments?post=158107"}],"version-history":[{"count":0,"href":"https:\/\/www.europesays.com\/fr\/wp-json\/wp\/v2\/posts\/158107\/revisions"}],"wp:featuredmedia":[{"embeddable":true,"href":"https:\/\/www.europesays.com\/fr\/wp-json\/wp\/v2\/media\/158108"}],"wp:attachment":[{"href":"https:\/\/www.europesays.com\/fr\/wp-json\/wp\/v2\/media?parent=158107"}],"wp:term":[{"taxonomy":"category","embeddable":true,"href":"https:\/\/www.europesays.com\/fr\/wp-json\/wp\/v2\/categories?post=158107"},{"taxonomy":"post_tag","embeddable":true,"href":"https:\/\/www.europesays.com\/fr\/wp-json\/wp\/v2\/tags?post=158107"}],"curies":[{"name":"wp","href":"https:\/\/api.w.org\/{rel}","templated":true}]}}