{"id":158115,"date":"2025-06-07T03:45:08","date_gmt":"2025-06-07T03:45:08","guid":{"rendered":"https:\/\/www.europesays.com\/fr\/158115\/"},"modified":"2025-06-07T03:45:08","modified_gmt":"2025-06-07T03:45:08","slug":"kilmar-abrego-garcia-expulse-par-erreur-de-retour-aux-etats-unis-pour-y-etre-juge","status":"publish","type":"post","link":"https:\/\/www.europesays.com\/fr\/158115\/","title":{"rendered":"Kilmar Abrego Garc\u00eda, expuls\u00e9 par erreur, de retour aux \u00c9tats-Unis pour y \u00eatre jug\u00e9"},"content":{"rendered":"\n<p>Kilmar Armando Abrego Garc\u00eda, \u201cl\u2019homme au centre d\u2019un tourbillon politique et juridique apr\u00e8s avoir \u00e9t\u00e9 expuls\u00e9 par erreur vers le Salvador, a \u00e9t\u00e9 renvoy\u00e9 aux \u00c9tats-Unis vendredi\u201d pour y \u00eatre inculp\u00e9 de \u201ctransport de migrants sans papiers\u201d, <a class=\"ithalc\" data-ithal=\"lien_externe\" data-ithalc=\"[nav_article]\" target=\"_blank\" href=\"https:\/\/www.nytimes.com\/2025\/06\/06\/us\/politics\/kilmar-abrego-garcia-us-criminal-charges.html\" rel=\"noopener\">r\u00e9sume <strong>The New York Times<\/strong>.<\/a><\/p>\n<p>La d\u00e9cision \u201cstup\u00e9fiante\u201d de l\u2019administration Trump, qui s\u2019opposait farouchement au retour de M. Abrego Garc\u00eda malgr\u00e9 les multiples injonctions des tribunaux \u2013 jusqu\u2019\u00e0 la Cour supr\u00eame \u2013, \u201cpourrait mettre fin \u00e0 la spectaculaire bataille judiciaire autour des droits du pr\u00e9sident Trump \u00e0 saisir et \u00e0 expulser rapidement des immigrants\u201d, estime le quotidien.<\/p>\n<p>L\u2019affaire Abrego Garc\u00eda avait fait les gros titres car c\u2019\u00e9tait \u201cla premi\u00e8re fois que le gouvernement admettait une erreur dans sa politique d\u2019expulsion\u201d, <a class=\"ithalc\" data-ithal=\"lien_externe\" data-ithalc=\"[nav_article]\" target=\"_blank\" href=\"https:\/\/elpais.com\/us\/migracion\/2025-06-06\/el-salvadoreno-kilmar-abrego-garcia-regresara-a-estados-unidos-para-ser-juzgado-por-trafico-de-indocumentados.html\" rel=\"noopener\">rappelle <strong>El Pa\u00eds<\/strong>.<\/a><\/p>\n<p>Ce Salvadorien de 29\u00a0ans, r\u00e9sidant dans le Maryland et mari\u00e9 \u00e0 une Am\u00e9ricaine, \u201cavait \u00e9t\u00e9 incarc\u00e9r\u00e9 le 15\u00a0mars dans la m\u00e9ga prison de haute s\u00e9curit\u00e9 connue sous le nom de Centre de d\u00e9tention pour terroristes (Cecot), au Salvador, en d\u00e9pit d\u2019une protection judiciaire interdisant son expulsion des \u00c9tats-Unis\u201d, note le quotidien madril\u00e8ne.<\/p>\n<p>Malgr\u00e9 un casier judiciaire vierge, le gouvernement l\u2019accusait, sans fournir de preuves, d\u2019appartenir au gang criminel salvadorien MS-13 \u2013 des all\u00e9gations rejet\u00e9es par ses avocats et sa famille.<\/p>\n<p>               Inculp\u00e9 secr\u00e8tement       <\/p>\n<p>Depuis, ses avocats et ses proches r\u00e9clamaient \u00e0 cor et \u00e0 cri son rapatriement aux \u00c9tats-Unis, sans parvenir \u00e0 infl\u00e9chir Donald Trump ni son homologue salvadorien Nayib Bukele, qui assuraient tous deux qu\u2019il \u00e9tait impossible de le renvoyer dans le Maryland \u2013 du moins en libert\u00e9, comme l\u2019a d\u00e9couvert l\u2019int\u00e9ress\u00e9 vendredi.<\/p>\n<p>Car \u201cAbrego Garc\u00eda a \u00e9t\u00e9 secr\u00e8tement inculp\u00e9 par un grand jury f\u00e9d\u00e9ral \u00e0 Nashville le mois dernier pour deux chefs d\u2019accusation\u00a0: transport d\u2019immigrants sans papiers et complot\u201d, <a class=\"ithalc\" data-ithal=\"lien_externe\" data-ithalc=\"[nav_article]\" target=\"_blank\" href=\"https:\/\/www.politico.com\/news\/2025\/06\/06\/abrego-garcia-return-00392791\" rel=\"noopener\">rapporte <strong>Politico<\/strong>.<\/a> \u201cLes accusations d\u00e9coulent d\u2019un contr\u00f4le routier effectu\u00e9 en 2022 dans le Tennessee, lorsque la police a trouv\u00e9 Abrego Garc\u00eda au volant d\u2019un SUV transportant neuf autres hommes, tous hispaniques et sans pi\u00e8ce d\u2019identit\u00e9\u201d, ajoute le site.<\/p>\n<p>Selon l\u2019acte d\u2019accusation, <a class=\"ithalc\" data-ithal=\"lien_externe\" data-ithalc=\"[nav_article]\" target=\"_blank\" href=\"https:\/\/abcnews.go.com\/US\/mistakenly-deported-kilmar-abrego-garcia-back-us-face\/story?id=121333122\" rel=\"noopener\">rendu public vendredi et consult\u00e9 par <strong>ABC News<\/strong><\/a>, les activit\u00e9s ill\u00e9gales de M. Abrego Garc\u00eda \u201cont dur\u00e9 pr\u00e8s de dix ans et impliquaient le transport [\u00e0 l\u2019int\u00e9rieur des \u00c9tats-Unis] de milliers de non-citoyens en provenance du Mexique et d\u2019Am\u00e9rique centrale, dont des enfants, en \u00e9change de milliers de dollars\u201d.<\/p>\n<p>Et parmi les personnes \u201cpr\u00e9sum\u00e9es transport\u00e9es, figuraient des membres du gang salvadorien MS-13\u201d, affirment des sources proches de l\u2019enqu\u00eate.<\/p>\n<p>Quelques heures apr\u00e8s son retour sur le sol am\u00e9ricain, M.\u00a0Abrego Garc\u00eda a donc \u00e9t\u00e9 pr\u00e9sent\u00e9 \u00e0 un tribunal, et une nouvelle audience a \u00e9t\u00e9 fix\u00e9e au 13\u00a0juin. \u201cS\u2019il est reconnu coupable, il pourrait \u00eatre condamn\u00e9 \u00e0 une peine maximale de dix ans de prison pour chaque personne transport\u00e9e\u201d, une peine qui irait \u201cbien au-del\u00e0 du reste de la vie de l\u2019accus\u00e9\u201d, note le New York Times.<\/p>\n<p>               Trump \u201cfait d\u2019une pierre deux coups\u201d       <\/p>\n<p>Ni Donald Trump, interrog\u00e9 vendredi par des journalistes, ni sa ministre de la Justice Pam Bondi, n\u2019ont fait de lien entre le retour de M. Abrego Garc\u00eda et l\u2019erreur commise il y a quelques mois. Selon eux, le seul motif de son rapatriement est la proc\u00e9dure judiciaire \u00e0 son encontre.<\/p>\n<p>Simon Sandoval-Moshenberg, l\u2019avocat de M. Abrego Garc\u00eda, \u201ca critiqu\u00e9 le minist\u00e8re de la Justice pour avoir port\u00e9 ces accusations apr\u00e8s l\u2019avoir envoy\u00e9 dans une prison \u00e9trang\u00e8re en violation d\u2019une d\u00e9cision de justice\u201d, <a class=\"ithalc\" data-ithal=\"lien_externe\" data-ithalc=\"[nav_article]\" target=\"_blank\" href=\"https:\/\/www.usatoday.com\/story\/news\/politics\/2025\/06\/06\/attorney-general-announces-kilmar-abrego-garcia-charges\/84075921007\/\" rel=\"noopener\">rapporte <strong>USA Today<\/strong>.<\/a><\/p>\n<p>\u201cAujourd\u2019hui, apr\u00e8s des mois d\u2019attente et de secret, ils le ram\u00e8nent, non pas pour corriger leur erreur, mais pour le poursuivre\u00a0en justice\u201d, d\u00e9clare l\u2019avocat. \u201cUne proc\u00e9dure r\u00e9guli\u00e8re signifie avoir la possibilit\u00e9 de se d\u00e9fendre avant d\u2019\u00eatre puni, et non apr\u00e8s. Il s\u2019agit d\u2019un abus de pouvoir, pas de justice\u201d.<\/p>\n<p><a class=\"ithalc\" data-ithal=\"lien_externe\" data-ithalc=\"[nav_article]\" target=\"_blank\" href=\"https:\/\/www.bbc.com\/news\/live\/cy0kyzgy6r9t\" rel=\"noopener\">Mais pour la <strong>BBC<\/strong><\/a>, avec ces derniers d\u00e9veloppements, \u201cla Maison-Blanche fait d\u2019une pierre deux coups\u201d, car \u201cen rapatriant \u00c1brego Garc\u00eda pour qu\u2019il soit poursuivi, Trump \u00e9vite de donner l\u2019impression de se plier aux exigences de la justice tout en d\u00e9nouant l\u2019impasse juridique\u201d qui mena\u00e7ait de \u201cplonger le pays dans une crise constitutionnelle\u201d.<\/p>\n","protected":false},"excerpt":{"rendered":"Kilmar Armando Abrego Garc\u00eda, \u201cl\u2019homme au centre d\u2019un tourbillon politique et juridique apr\u00e8s avoir \u00e9t\u00e9 expuls\u00e9 par erreur&hellip;\n","protected":false},"author":2,"featured_media":158116,"comment_status":"","ping_status":"","sticky":false,"template":"","format":"standard","meta":{"footnotes":""},"categories":[1589],"tags":[11,3822,75,73,1866,1892,1061,303,19865,9837,12,316,4409,2941,770,1864,1865,1863,308],"class_list":{"0":"post-158115","1":"post","2":"type-post","3":"status-publish","4":"format-standard","5":"has-post-thumbnail","7":"category-etats-unis","8":"tag-actualites","9":"tag-amu00e9riques","10":"tag-donald-trump","11":"tag-etats-unis","12":"tag-etats-unis-damerique","13":"tag-gu00e9opolitique","14":"tag-immigration","15":"tag-justice","16":"tag-migrants-et-flux-migratoires","17":"tag-nayib-bukele","18":"tag-news","19":"tag-politique","20":"tag-ru00e9veil","21":"tag-salvador","22":"tag-u00e9tats-unis","23":"tag-united-states","24":"tag-united-states-of-america","25":"tag-us","26":"tag-usa"},"share_on_mastodon":{"url":"https:\/\/pubeurope.com\/@fr\/114640029272334175","error":""},"_links":{"self":[{"href":"https:\/\/www.europesays.com\/fr\/wp-json\/wp\/v2\/posts\/158115","targetHints":{"allow":["GET"]}}],"collection":[{"href":"https:\/\/www.europesays.com\/fr\/wp-json\/wp\/v2\/posts"}],"about":[{"href":"https:\/\/www.europesays.com\/fr\/wp-json\/wp\/v2\/types\/post"}],"author":[{"embeddable":true,"href":"https:\/\/www.europesays.com\/fr\/wp-json\/wp\/v2\/users\/2"}],"replies":[{"embeddable":true,"href":"https:\/\/www.europesays.com\/fr\/wp-json\/wp\/v2\/comments?post=158115"}],"version-history":[{"count":0,"href":"https:\/\/www.europesays.com\/fr\/wp-json\/wp\/v2\/posts\/158115\/revisions"}],"wp:featuredmedia":[{"embeddable":true,"href":"https:\/\/www.europesays.com\/fr\/wp-json\/wp\/v2\/media\/158116"}],"wp:attachment":[{"href":"https:\/\/www.europesays.com\/fr\/wp-json\/wp\/v2\/media?parent=158115"}],"wp:term":[{"taxonomy":"category","embeddable":true,"href":"https:\/\/www.europesays.com\/fr\/wp-json\/wp\/v2\/categories?post=158115"},{"taxonomy":"post_tag","embeddable":true,"href":"https:\/\/www.europesays.com\/fr\/wp-json\/wp\/v2\/tags?post=158115"}],"curies":[{"name":"wp","href":"https:\/\/api.w.org\/{rel}","templated":true}]}}