{"id":158125,"date":"2025-06-07T03:50:10","date_gmt":"2025-06-07T03:50:10","guid":{"rendered":"https:\/\/www.europesays.com\/fr\/158125\/"},"modified":"2025-06-07T03:50:10","modified_gmt":"2025-06-07T03:50:10","slug":"coupe-du-monde-litalie-giflee-en-norvege","status":"publish","type":"post","link":"https:\/\/www.europesays.com\/fr\/158125\/","title":{"rendered":"Coupe du monde : l\u2019Italie gifl\u00e9e en Norv\u00e8ge"},"content":{"rendered":"<p>Gigio Donnarumma et ses co\u00e9quipiers ont perdu face \u00e0 la s\u00e9lection emmen\u00e9e par Erling Haaland ce vendredi, \u00e0 Oslo, dans le cadre des \u00e9liminatoires pour le Mondial 2026.<\/p>\n<p class=\"fig-paragraph\">Encore traumatis\u00e9e par son absence des deux derni\u00e8res Coupes du monde, l\u2019Italie ne s\u2019est pas du tout rassur\u00e9e, en s\u2019inclinant lourdement en Norv\u00e8ge (<a href=\"https:\/\/www.lefigaro.fr\/sports\/football\/live\/qualif-coupe-du-monde-zone-euro\/112026\/2493784\/norvege-italie\" target=\"_blank\" rel=\"noopener nofollow\" data-gtm-custom-categorie=\"navigation\" data-gtm-custom-action=\"crossclick\" data-gtm-custom-label=\"Contextuel\" data-gtm-event=\"customEventSPE\">3-0<\/a>) vendredi, lors de son premier match de qualifications pour le Mondial 2026. Le chemin direct vers l\u2019Am\u00e9rique s\u2019est compliqu\u00e9 d\u2019entr\u00e9e pour les hommes de Luciano Spalletti. \u00c0 l\u2019inverse, la Norv\u00e8ge, qui avait d\u00e9j\u00e0 jou\u00e9 et gagn\u00e9 ses deux premiers matches, conforte sa place de leader\u00a0<a href=\"https:\/\/www.lefigaro.fr\/sports\/football\/qualif-coupe-du-monde-zone-euro\/classement\" target=\"_blank\" rel=\"noopener nofollow\" data-gtm-custom-categorie=\"navigation\" data-gtm-custom-action=\"crossclick\" data-gtm-custom-label=\"Contextuel\" data-gtm-event=\"customEventSPE\">au classement du groupe I<\/a>\u00a0avec 9 points et s\u2019offre son premier succ\u00e8s en match officiel face \u00e0 l\u2019Italie depuis 1991. Isra\u00ebl, vainqueur en Estonie 3-1 est deuxi\u00e8me \u00e0 six points.<\/p>\n<p class=\"fig-paragraph\">Seul le premier du groupe se qualifie directement pour le Mondial co-organis\u00e9 l\u2019an prochain par les \u00c9tats-Unis, le Mexique et le Canada. Le deuxi\u00e8me doit passer par un barrage. Une \u00e9preuve qui n\u2019avait justement pas souri aux Azzurri lors des deux derni\u00e8res \u00e9ditions. Sous une pluie battante \u00e0 Oslo, la Nazionale, priv\u00e9e notamment d\u2019Alessandro Buongiorno et<a href=\"http:\/\/www.lefigaro.fr\/sports\/football\/coupe-du-monde\/qualifications-mondial-2026-acerbi-de-retour-donnarumma-present-et-un-debut-debutant-dans-la-liste-de-l-italie-20250526\" data-fig-type=\"NewsFlash\" data-gtm-custom-categorie=\"navigation\" data-gtm-custom-action=\"crossclick\" data-gtm-custom-label=\"Contextuel\" data-gtm-event=\"customEventSPE\" data-fig-domain=\"LEFIGARO\" rel=\"nofollow noopener\" target=\"_blank\">\u00a0Francesco Acerbi<\/a>, a pris compl\u00e8tement l\u2019eau en encaissant 3 buts en premi\u00e8re p\u00e9riode.<\/p>\n<p>Une premi\u00e8re mi-temps \u00e0 oublier<\/p>\n<p class=\"fig-paragraph\">Face aux champions d\u2019Europe 2021, les Norv\u00e9giens ont marqu\u00e9 sur un contre d\u00e8s la 14e minute. Profitant d\u2019une perte de balle d\u2019Alessandro Bastoni, Antonio Nusa a parfaitement lanc\u00e9 l\u2019attaquant de l\u2019Atl\u00e9tico Madrid Alexander Sorloth pour l\u2019ouverture du score. Passeur, le jeune joueur de Leipzig (20 ans) s\u2019est converti en buteur vingt minutes plus tard d\u2019une frappe puissante (34e). Puis, l\u2019in\u00e9vitable Erling Haaland, servi par une tr\u00e8s belle passe de Martin Odegaard, a ajout\u00e9 un troisi\u00e8me but avant la pause (42e).<\/p>\n<p class=\"fig-paragraph\">En deuxi\u00e8me p\u00e9riode, Gianluigi Donnarumma, champion d\u2019Europe avec le PSG, a bien failli encaisser un quatri\u00e8me but. Mais son montant gauche l\u2019a sauv\u00e9 sur une frappe de Sander Berge (66e).\u00a0<a href=\"http:\/\/www.lefigaro.fr\/sports\/football\/qualifs-mondial-2026-l-italie-privee-de-kean-contre-la-norvege-et-la-moldavie-20250605\" data-fig-type=\"NewsFlash\" data-gtm-custom-categorie=\"navigation\" data-gtm-custom-action=\"crossclick\" data-gtm-custom-label=\"Contextuel\" data-gtm-event=\"customEventSPE\" data-fig-domain=\"LEFIGARO\" rel=\"nofollow noopener\" target=\"_blank\">Sans Moise Kean bless\u00e9<\/a>\u00a0(19 buts en Serie A cette saison), l\u2019Italie ne s\u2019est jamais montr\u00e9 dangereuse, hormis une t\u00eate de l\u2019entrant Lorenzo Lucca en fin de match. Elle devra imp\u00e9rativement rectifier le tir face la Moldavie, lundi \u00e0 Reggio Emilia.<\/p>\n","protected":false},"excerpt":{"rendered":"Gigio Donnarumma et ses co\u00e9quipiers ont perdu face \u00e0 la s\u00e9lection emmen\u00e9e par Erling Haaland ce vendredi, \u00e0&hellip;\n","protected":false},"author":2,"featured_media":158126,"comment_status":"","ping_status":"","sticky":false,"template":"","format":"standard","meta":{"footnotes":""},"categories":[2],"tags":[11,1981,451,6714,18833,814,20535,25115,63,1011,27,10528,955,12,28931,4589,1463,28930,25,1980],"class_list":{"0":"post-158125","1":"post","2":"type-post","3":"status-publish","4":"format-standard","5":"has-post-thumbnail","7":"category-actualites","8":"tag-actualites","9":"tag-classement","10":"tag-coupe-du-monde","11":"tag-coupe-du-monde-2022","12":"tag-coupe-du-monde-2026","13":"tag-direct","14":"tag-eliminatoires","15":"tag-erling-haaland","16":"tag-football","17":"tag-fr","18":"tag-france","19":"tag-gianluigi-donnarumma","20":"tag-match","21":"tag-news","22":"tag-phase-de-groupes","23":"tag-phase-finale","24":"tag-qatar","25":"tag-qualif","26":"tag-republique-francaise","27":"tag-resultats"},"share_on_mastodon":{"url":"https:\/\/pubeurope.com\/@fr\/114640048833970748","error":""},"_links":{"self":[{"href":"https:\/\/www.europesays.com\/fr\/wp-json\/wp\/v2\/posts\/158125","targetHints":{"allow":["GET"]}}],"collection":[{"href":"https:\/\/www.europesays.com\/fr\/wp-json\/wp\/v2\/posts"}],"about":[{"href":"https:\/\/www.europesays.com\/fr\/wp-json\/wp\/v2\/types\/post"}],"author":[{"embeddable":true,"href":"https:\/\/www.europesays.com\/fr\/wp-json\/wp\/v2\/users\/2"}],"replies":[{"embeddable":true,"href":"https:\/\/www.europesays.com\/fr\/wp-json\/wp\/v2\/comments?post=158125"}],"version-history":[{"count":0,"href":"https:\/\/www.europesays.com\/fr\/wp-json\/wp\/v2\/posts\/158125\/revisions"}],"wp:featuredmedia":[{"embeddable":true,"href":"https:\/\/www.europesays.com\/fr\/wp-json\/wp\/v2\/media\/158126"}],"wp:attachment":[{"href":"https:\/\/www.europesays.com\/fr\/wp-json\/wp\/v2\/media?parent=158125"}],"wp:term":[{"taxonomy":"category","embeddable":true,"href":"https:\/\/www.europesays.com\/fr\/wp-json\/wp\/v2\/categories?post=158125"},{"taxonomy":"post_tag","embeddable":true,"href":"https:\/\/www.europesays.com\/fr\/wp-json\/wp\/v2\/tags?post=158125"}],"curies":[{"name":"wp","href":"https:\/\/api.w.org\/{rel}","templated":true}]}}