{"id":158135,"date":"2025-06-07T04:00:10","date_gmt":"2025-06-07T04:00:10","guid":{"rendered":"https:\/\/www.europesays.com\/fr\/158135\/"},"modified":"2025-06-07T04:00:10","modified_gmt":"2025-06-07T04:00:10","slug":"les-freres-marquez-aux-commandes-en-practice","status":"publish","type":"post","link":"https:\/\/www.europesays.com\/fr\/158135\/","title":{"rendered":"les fr\u00e8res M\u00e1rquez aux commandes en Practice"},"content":{"rendered":"<p>                Vi\u00f1ales derri\u00e8re les M\u00e1rquez<\/p>\n<p>Les stars de la cat\u00e9gorie reine \u00e9taient de retour en piste au MotorLand cet apr\u00e8s-midi \u00e0 l&rsquo;occasion de la Practice du Grand Prix GoPro d&rsquo;Aragon. Sans surprise, Marc M\u00e1rquez (Ducati Lenovo Team) pointe au sommet de la hi\u00e9rarchie gr\u00e2ce \u00e0 un tour boucl\u00e9 en <strong>1&rsquo;46.397<\/strong>. Sur un de ses circuits de pr\u00e9dilection, le sextuple Champion du Monde MotoGP\u2122 ne laisse rien \u00e0 ses adversaires et devance son fr\u00e8re Alex M\u00e1rquez (BK8 Gresini Racing MotoGP\u2122) de deux dixi\u00e8mes. Les frangins semblent intouchables et nous promettent un beau duel pour le reste du week-end. Apr\u00e8s un Grand Prix du Royaume-Uni \u00e0 oublier, KTM retrouve le sourire avec trois de ses repr\u00e9sentants dans le top 10 et surtout Maverick Vi\u00f1ales (Red Bull KTM Tech3) en troisi\u00e8me position.<\/p>\n<p>Mir impressionne<\/p>\n<p>Avec le m\u00eame chrono que le Catalan au milli\u00e8me pr\u00e8s, Joan Mir (Honda HRC Castrol) place sa Honda en quatri\u00e8me position de cette Practice et confirme son excellente performance de ce matin. Le Champion du Monde 2020 r\u00e9alise le meilleur r\u00e9sultat de sa carri\u00e8re en Practice et devance Pedro Acosta (Red Bull KTM Factory Racing) ainsi que Johann Zarco (LCR Honda), qui a su faire la diff\u00e9rence dans son dernier tour chrono pour prendre la sixi\u00e8me place. Septi\u00e8me de cette s\u00e9ance, Brad Binder (Red Bull KTM Factory Racing) est le troisi\u00e8me pilote KTM pr\u00e9sent dans ce top 10.<\/p>\n<p>Quartararo en Q1<\/p>\n<p>Le rookie Ferm\u00edn Aldeguer (BK8 Gresini Racing MotoGP\u2122) continue d&rsquo;encha\u00eener les belles performances avec un nouveau passage direct en Q2. Le jeune homme est huiti\u00e8me de cette s\u00e9ance devant Francesco Bagnaia (Ducati Lenovo Team), rel\u00e9gu\u00e9 \u00e0 pr\u00e8s de huit dixi\u00e8mes de son co\u00e9quipier. Comme souvent, le n\u00b063 ne semblait pas en mesure d&rsquo;aller inqui\u00e9ter les cadors ce vendredi mais on sait que l&rsquo;Italien a tendance \u00e0 monter en puissance au cours du week-end. Franco Morbidelli (Pertamina Enduro VR46 Racing Team) est 10e et envoie son compatriote Marco Bezzecchi (Aprilia Racing) en Q1. D\u00e9ception \u00e9galement pour Fabio Quartararo (Monster Energy Yamaha MotoGP\u2122), qu&rsquo;on sent agac\u00e9 sur sa machine depuis ce matin. Dans ses deux derni\u00e8res tentatives, le n\u00b020 s&rsquo;est manqu\u00e9 et pointe \u00e0 la 18e place. Le pilote tricolore va devoir s&#8217;employer samedi matin s&rsquo;il veut conqu\u00e9rir une quatri\u00e8me pole cons\u00e9cutive.<\/p>\n<p>Les qualifications du MotoGP\u2122 au MotorLand auront lieu samedi \u00e0 10h50.<\/p>\n<p>\n                                Marc Marquez, Ducati Lenovo Team, GoPro Grand Prix of Aragon\n                        <\/p>\n<p>\n                                Maverick Vi\u00f1ales, Red Bull KTM Tech3, GoPro Grand Prix of Aragon\n                        <\/p>\n<p>\n                                Fabio Quartararo, Monster Energy Yamaha MotoGP\u2122 Team, GoPro Grand Prix of Aragon\n                        <\/p>\n<p>\n                                Joan Mir, Honda HRC Castrol, GoPro Grand Prix of Aragon\n                        <\/p>\n<p>\n                                Marc Marquez, Ducati Lenovo Team, GoPro Grand Prix of Aragon\n                        <\/p>\n<p>\n                                Maverick Vi\u00f1ales, Red Bull KTM Tech3, GoPro Grand Prix of Aragon\n                        <\/p>\n<p>\n                                Maverick Vi\u00f1ales, Red Bull KTM Tech3, GoPro Grand Prix of Aragon\n                        <\/p>\n<p>\n                                Alex Marquez, BK8 Gresini Racing MotoGP\u2122, GoPro Grand Prix of Aragon\n                        <\/p>\n<p>\n                                Marco Bezzecchi, Aprilia Racing, GoPro Grand Prix of Aragon\n                        <\/p>\n<p>\n                                Marc Marquez, Ducati Lenovo Team, GoPro Grand Prix of Aragon\n                        <\/p>\n<p>\n                                Somkiat Chantra, IDEMITSU Honda LCR, GoPro Grand Prix of Aragon\n                        <\/p>\n<p>\n                                Pedro Acosta, Red Bull KTM Factory Racing, GoPro Grand Prix of Aragon\n                        <\/p>\n<p>\n                                Fabio Di Giannantonio, Pertamina Enduro VR46 Racing Team, GoPro Grand Prix of Aragon\n                        <\/p>\n<p>\n                                Johann Zarco, CASTROL Honda LCR, GoPro Grand Prix of Aragon\n                        <\/p>\n<p>\n                                Jack Miller, Prima Pramac Yamaha MotoGP\u2122, GoPro Grand Prix of Aragon\n                        <\/p>\n<p>\n                                Brad Binder, Red Bull KTM Factory Racing, GoPro Grand Prix of Aragon\n                        <\/p>\n<p>\n                                MotoGP\u2122, GoPro Grand Prix of Aragon\n                        <\/p>\n<p lang=\"fr-FR\">Cliquez <a href=\"https:\/\/www.motogp.com\/fr\/gp-results\/2025\/ara\/motogp\/pr\/classification\" rel=\"nofollow noopener\" target=\"_blank\">ici<\/a> pour acc\u00e9der aux r\u00e9sultats.<\/p>\n","protected":false},"excerpt":{"rendered":"Vi\u00f1ales derri\u00e8re les M\u00e1rquez Les stars de la cat\u00e9gorie reine \u00e9taient de retour en piste au MotorLand cet&hellip;\n","protected":false},"author":2,"featured_media":158136,"comment_status":"","ping_status":"","sticky":false,"template":"","format":"standard","meta":{"footnotes":""},"categories":[1413],"tags":[1011,27,1457,1456,60,2032],"class_list":{"0":"post-158135","1":"post","2":"type-post","3":"status-publish","4":"format-standard","5":"has-post-thumbnail","7":"category-moto","8":"tag-fr","9":"tag-france","10":"tag-moto","11":"tag-motocycle","12":"tag-sports","13":"tag-text"},"share_on_mastodon":{"url":"https:\/\/pubeurope.com\/@fr\/114641582481081875","error":""},"_links":{"self":[{"href":"https:\/\/www.europesays.com\/fr\/wp-json\/wp\/v2\/posts\/158135","targetHints":{"allow":["GET"]}}],"collection":[{"href":"https:\/\/www.europesays.com\/fr\/wp-json\/wp\/v2\/posts"}],"about":[{"href":"https:\/\/www.europesays.com\/fr\/wp-json\/wp\/v2\/types\/post"}],"author":[{"embeddable":true,"href":"https:\/\/www.europesays.com\/fr\/wp-json\/wp\/v2\/users\/2"}],"replies":[{"embeddable":true,"href":"https:\/\/www.europesays.com\/fr\/wp-json\/wp\/v2\/comments?post=158135"}],"version-history":[{"count":0,"href":"https:\/\/www.europesays.com\/fr\/wp-json\/wp\/v2\/posts\/158135\/revisions"}],"wp:featuredmedia":[{"embeddable":true,"href":"https:\/\/www.europesays.com\/fr\/wp-json\/wp\/v2\/media\/158136"}],"wp:attachment":[{"href":"https:\/\/www.europesays.com\/fr\/wp-json\/wp\/v2\/media?parent=158135"}],"wp:term":[{"taxonomy":"category","embeddable":true,"href":"https:\/\/www.europesays.com\/fr\/wp-json\/wp\/v2\/categories?post=158135"},{"taxonomy":"post_tag","embeddable":true,"href":"https:\/\/www.europesays.com\/fr\/wp-json\/wp\/v2\/tags?post=158135"}],"curies":[{"name":"wp","href":"https:\/\/api.w.org\/{rel}","templated":true}]}}