{"id":158147,"date":"2025-06-07T10:26:14","date_gmt":"2025-06-07T10:26:14","guid":{"rendered":"https:\/\/www.europesays.com\/fr\/158147\/"},"modified":"2025-06-07T10:26:14","modified_gmt":"2025-06-07T10:26:14","slug":"caroline-piketty-sheena-patel-patricia-cornwell-notre-selection-livres-de-la-semaine","status":"publish","type":"post","link":"https:\/\/www.europesays.com\/fr\/158147\/","title":{"rendered":"Caroline Piketty, Sheena Patel, Patricia Cornwell\u2026 Notre s\u00e9lection livres de la semaine"},"content":{"rendered":"<p class=\"col subheadline margin_bottom_subheadline widescreen-12 desktop-10\">\u00ab\u00a0Harmonies vol\u00e9es\u00a0\u00bb de Caroline Piketty, bouleversante histoire du rapatriement des pianos spoli\u00e9s aux juifs par les nazis, une femme prisonni\u00e8re des r\u00e9seaux sociaux dans \u00ab\u00a0Je suis fan\u00a0\u00bb, de Sheena Patel, \u00ab\u00a0Identit\u00e9 inconnue\u00a0\u00bb, nouveau thriller de Patricia Cornwell\u2026 Nos\u00a010 livres coups de c\u0153ur de la semaine.<\/p>\n<p>Par <a href=\"https:\/\/www.leparisien.fr\/auteur\/pierre-vavasseur\/\" class=\"author_link\" target=\"_blank\" rel=\"noopener\">Pierre Vavasseur<\/a>, \u00a0L\u00e9onard Desbri\u00e8res, \u00a0Hubert Artus, \u00a0<a href=\"https:\/\/www.leparisien.fr\/auteur\/gaetane-morin\/\" class=\"author_link\" target=\"_blank\" rel=\"noopener\">Ga\u00ebtane Morin<\/a>, \u00a0<a href=\"https:\/\/www.leparisien.fr\/auteur\/benjamin-jerome\/\" class=\"author_link\" target=\"_blank\" rel=\"noopener\">Benjamin J\u00e9r\u00f4me<\/a>, \u00a0<a href=\"https:\/\/www.leparisien.fr\/auteur\/michel-valentin\/\" class=\"author_link\" target=\"_blank\" rel=\"noopener\">Michel Valentin<\/a>, \u00a0<a href=\"https:\/\/www.leparisien.fr\/auteur\/carine-didier\/\" class=\"author_link\" target=\"_blank\" rel=\"noopener\">Carine Didier<\/a> et\u00a0<a href=\"https:\/\/www.leparisien.fr\/auteur\/sandrine-bajos\/\" class=\"author_link\" target=\"_blank\" rel=\"noopener\">Sandrine Bajos<\/a>\u00a0<\/p>\n<p>Le 7 juin 2025 \u00e0 11h15<\/p>\n","protected":false},"excerpt":{"rendered":"\u00ab\u00a0Harmonies vol\u00e9es\u00a0\u00bb de Caroline Piketty, bouleversante histoire du rapatriement des pianos spoli\u00e9s aux juifs par les nazis, une&hellip;\n","protected":false},"author":2,"featured_media":158148,"comment_status":"","ping_status":"","sticky":false,"template":"","format":"standard","meta":{"footnotes":""},"categories":[1357],"tags":[1379,872,58,59,1011,27,12156,1380],"class_list":{"0":"post-158147","1":"post","2":"type-post","3":"status-publish","4":"format-standard","5":"has-post-thumbnail","7":"category-livres","8":"tag-books","9":"tag-culture-et-loisirs","10":"tag-divertissement","11":"tag-entertainment","12":"tag-fr","13":"tag-france","14":"tag-le-parisien-week-end","15":"tag-livres"},"share_on_mastodon":{"url":"https:\/\/pubeurope.com\/@fr\/114641606181722139","error":""},"_links":{"self":[{"href":"https:\/\/www.europesays.com\/fr\/wp-json\/wp\/v2\/posts\/158147","targetHints":{"allow":["GET"]}}],"collection":[{"href":"https:\/\/www.europesays.com\/fr\/wp-json\/wp\/v2\/posts"}],"about":[{"href":"https:\/\/www.europesays.com\/fr\/wp-json\/wp\/v2\/types\/post"}],"author":[{"embeddable":true,"href":"https:\/\/www.europesays.com\/fr\/wp-json\/wp\/v2\/users\/2"}],"replies":[{"embeddable":true,"href":"https:\/\/www.europesays.com\/fr\/wp-json\/wp\/v2\/comments?post=158147"}],"version-history":[{"count":0,"href":"https:\/\/www.europesays.com\/fr\/wp-json\/wp\/v2\/posts\/158147\/revisions"}],"wp:featuredmedia":[{"embeddable":true,"href":"https:\/\/www.europesays.com\/fr\/wp-json\/wp\/v2\/media\/158148"}],"wp:attachment":[{"href":"https:\/\/www.europesays.com\/fr\/wp-json\/wp\/v2\/media?parent=158147"}],"wp:term":[{"taxonomy":"category","embeddable":true,"href":"https:\/\/www.europesays.com\/fr\/wp-json\/wp\/v2\/categories?post=158147"},{"taxonomy":"post_tag","embeddable":true,"href":"https:\/\/www.europesays.com\/fr\/wp-json\/wp\/v2\/tags?post=158147"}],"curies":[{"name":"wp","href":"https:\/\/api.w.org\/{rel}","templated":true}]}}