{"id":158156,"date":"2025-06-07T10:31:10","date_gmt":"2025-06-07T10:31:10","guid":{"rendered":"https:\/\/www.europesays.com\/fr\/158156\/"},"modified":"2025-06-07T10:31:10","modified_gmt":"2025-06-07T10:31:10","slug":"niveau-des-bleus-psg-champion-sans-lui-dembele-ballon-dor-kylian-mbappe-sort-du-silence","status":"publish","type":"post","link":"https:\/\/www.europesays.com\/fr\/158156\/","title":{"rendered":"Niveau des Bleus, PSG champion sans lui, Demb\u00e9l\u00e9 Ballon d\u2019Or&#8230; Kylian Mbapp\u00e9 sort du silence"},"content":{"rendered":"<p>Le capitaine des Bleus, buteur mais peu en r\u00e9ussite jeudi contre l\u2019Espagne (5-4), s\u2019est pr\u00e9sent\u00e9 samedi en conf\u00e9rence de presse \u00e0 la veille du match pour la petite finale contre l\u2019Allemagne en Ligue des nations.<\/p>\n<p><strong>D\u00e9faite contre l\u2019Espagne\u00a0<\/strong><\/p>\n<p class=\"fig-paragraph\">\u00ab\u00a0<a href=\"http:\/\/www.lefigaro.fr\/sports\/football\/ligue-des-nations\/ligue-des-nations-domptes-par-yamal-et-l-espagne-au-terme-d-un-match-fou-les-bleus-disent-adieu-a-la-finale-20250605\" data-fig-type=\"NewsFlash\" data-gtm-custom-categorie=\"navigation\" data-gtm-custom-action=\"crossclick\" data-gtm-custom-label=\"Contextuel\" data-gtm-event=\"customEventSPE\" data-fig-domain=\"LEFIGARO\" target=\"_blank\" rel=\"noopener\">Quand tu prends 5 buts dans une demi-finale<\/a>, c\u2019est s\u00fbr que tu as beaucoup de chances de perdre. C\u2019est une vision \u00e0 court terme, nous, on pense \u00e0 long terme. Il va falloir avoir des certitudes d\u00e9fensives. On va r\u00e9cup\u00e9rer des joueurs et offensivement on met des choses en place. Il faut continuer \u00e0 travailler pour arriver au Mondial avec le plus de certitudes possibles. Bien s\u00fbr qu\u2019on peut jouer \u00e0 quatre offensifs, tout est une question d\u2019animation. Le tout est de trouver le bon \u00e9quilibre offensif et d\u00e9fensif et d\u2019avoir des rep\u00e8res dans le jeu. Aujourd\u2019hui,\u00a0<a href=\"http:\/\/www.lefigaro.fr\/sports\/football\/ligue-des-nations\/messieurs-les-bleus-n-oubliez-pas-la-remise-en-question-20250607\" data-fig-type=\"NewsFlash\" data-gtm-custom-categorie=\"navigation\" data-gtm-custom-action=\"crossclick\" data-gtm-custom-label=\"Contextuel\" data-gtm-event=\"customEventSPE\" data-fig-domain=\"LEFIGARO\" target=\"_blank\" rel=\"noopener\">notre \u00e9quipe est nouvelle<\/a>. La plupart n\u2019ont pas 30 s\u00e9lections. On doit reconstruire et ne pas surfer sur la r\u00e9putation des \u00e9quipes pass\u00e9es. C\u2019est un d\u00e9fi all\u00e9chant car on peut faire de grandes choses.\u00a0\u00bb<\/p>\n<p><strong>Ses progr\u00e8s dans une position axiale\u00a0<\/strong><\/p>\n<p class=\"fig-paragraph\">\u00ab \u00catre 9 en club et en s\u00e9lection, ce n\u2019est pas pareil. J\u2019ai progress\u00e9 dans certains domaines, je m\u2019acclimate \u00e0 ce poste. Je sais que tout est impr\u00e9visible dans le football, tout peut changer. J\u2019essaie d\u2019avoir un maximum de rep\u00e8res.\u00a0\u00bb<\/p>\n<p><strong>La victoire du PSG en Ligue des champions\u00a0<\/strong><\/p>\n<p class=\"fig-paragraph\">\u00ab J\u2019\u00e9tais au Maroc,\u00a0<a href=\"http:\/\/www.lefigaro.fr\/sports\/football\/ligue-des-champions\/les-notes-du-psg-face-a-l-inter-doue-phenomenal-vitinha-exceptionnel-dembele-delicieux-dans-un-collectif-magique-20250531\" data-fig-type=\"NewsFlash\" data-gtm-custom-categorie=\"navigation\" data-gtm-custom-action=\"crossclick\" data-gtm-custom-label=\"Contextuel\" data-gtm-event=\"customEventSPE\" data-fig-domain=\"LEFIGARO\" target=\"_blank\" rel=\"noopener\">j\u2019ai regard\u00e9 le match\u00a0<\/a>avec mon cousin et des amis. La t\u00e9l\u00e9 \u00e9tait plut\u00f4t grande (rires). Plus s\u00e9rieusement, j\u2019\u00e9tais content. Je pense qu\u2019ils le m\u00e9ritent. Ils ont connu tellement d\u2019ann\u00e9es o\u00f9 ils ont gal\u00e9r\u00e9&#8230; J\u2019ai connu \u00e7a. Si on parle uniquement terrain, ils m\u00e9ritent leur titre avec le 5-0. C\u2019est m\u00e9rit\u00e9 \u00e0 100%. Ils deviennent l\u2019\u00e9quipe que tout le monde veut battre et ce sera encore plus all\u00e9chant. (Parti trop t\u00f4t du PSG) Je ne suis pas parti trop t\u00f4t. Mon histoire avec le PSG \u00e9tait termin\u00e9e. Il n\u2019y a aucune amertume, j\u2019\u00e9tais arriv\u00e9 au bout du chemin. C\u2019est le destin, cela devait se faire sans moi.\u00a0\u00bb<\/p>\n<p class=\"fig-body-link\">\n            \u00c0 lire aussi<br \/>\n        <a class=\"fig-body-link__link fig-premium-mark\" href=\"http:\/\/www.lefigaro.fr\/sports\/football\/ligue-des-champions\/psg-les-marches-de-la-gloire-le-grand-recit-d-une-epopee-historique-20250603\" data-fig-type=\"Article\" data-gtm-custom-categorie=\"navigation\" data-gtm-custom-action=\"crossclick\" data-gtm-custom-label=\"Contextuel\" data-gtm-event=\"customEventSPE\" data-fig-domain=\"LEFIGARO\" target=\"_blank\" rel=\"noopener\">PSG, les marches de la gloire\u00a0: le grand r\u00e9cit d\u2019une \u00e9pop\u00e9e historique<br \/>\n    <\/a>\n<\/p>\n<blockquote class=\"fig-quote&#10;    \">\n<p class=\"fig-quote__text\">En ce moment on parle de Yamal et Demb\u00e9l\u00e9, moi je r\u00e9ponds Demb\u00e9l\u00e9. Expliquer, cela veut dire que ce n\u2019est pas clair, et c\u2019est tr\u00e8s clair<\/p>\n<p>            Kylian Mbapp\u00e9 au sujet du Ballon d\u2019Or\n    <\/p><\/blockquote>\n<p><strong>Sur sa saison au Real Madrid<\/strong><\/p>\n<p class=\"fig-paragraph\">\u00ab Saison blanche\u00a0? Vous \u00eates s\u00fbr\u00a0? Tu regardes les matches\u00a0? On a gagn\u00e9 deux titres. Tu aurais dit majeur, je n\u2019aurais rien dit mais on a gagn\u00e9 deux titres. Les mots sont importants (taquin avec le journaliste). Cette saison a \u00e9t\u00e9 enrichissante. Je suis un peu plus dans l\u2019\u0153il du cyclone, \u00e0 moi de travailler. On me colle des choses au dos, c\u2019est nouveau. Je vais travailler.\u00a0\u00bb<\/p>\n<p><strong>Ousmane Demb\u00e9l\u00e9 candidat au Ballon d\u2019Or\u00a0<\/strong><\/p>\n<p class=\"fig-paragraph\">\u00ab Oui. Il y a vraiment besoin d\u2019expliquer\u00a0?\u00a0<a href=\"http:\/\/www.lefigaro.fr\/sports\/football\/ligue-des-nations\/yamal-dembele-qui-est-devant-dans-la-course-au-ballon-d-or-20250605\" data-fig-type=\"NewsFlash\" data-gtm-custom-categorie=\"navigation\" data-gtm-custom-action=\"crossclick\" data-gtm-custom-label=\"Contextuel\" data-gtm-event=\"customEventSPE\" data-fig-domain=\"LEFIGARO\" target=\"_blank\" rel=\"noopener\">En ce moment on parle de Yamal et Demb\u00e9l\u00e9<\/a>. Moi, je r\u00e9ponds Demb\u00e9l\u00e9. Expliquer, cela veut dire que ce n\u2019est pas clair, et c\u2019est tr\u00e8s clair. (les autres candidats) Cela \u00e9volue tr\u00e8s vite. C\u2019est en septembre, octobre\u00a0? D\u2019ici-l\u00e0, il peut se passer des choses.\u00a0\u00bb<\/p>\n<p><strong>L\u2019\u00e9closion de Cherki<\/strong><\/p>\n<p class=\"fig-paragraph\">\u00ab On essaie de l\u2019accompagner, ses qualit\u00e9s sont \u00e9videntes.<a href=\"http:\/\/www.lefigaro.fr\/sports\/football\/transferts\/city-passe-a-l-attaque-pour-cherki-gomes-vers-l-om-chivu-a-l-inter-les-6-infos-mercato-de-ce-vendredi-20250606\" data-fig-type=\"NewsFlash\" data-gtm-custom-categorie=\"navigation\" data-gtm-custom-action=\"crossclick\" data-gtm-custom-label=\"Contextuel\" data-gtm-event=\"customEventSPE\" data-fig-domain=\"LEFIGARO\" target=\"_blank\" rel=\"noopener\">\u00a0Il peut nous apporter et va nous apporter<\/a>. Tout part de la t\u00eate et on voulait qu\u2019il se sente bien pour que les pieds parlent d\u2019eux-m\u00eames.\u00a0\u00bb<\/p>\n","protected":false},"excerpt":{"rendered":"Le capitaine des Bleus, buteur mais peu en r\u00e9ussite jeudi contre l\u2019Espagne (5-4), s\u2019est pr\u00e9sent\u00e9 samedi en conf\u00e9rence&hellip;\n","protected":false},"author":2,"featured_media":158157,"comment_status":"","ping_status":"","sticky":false,"template":"","format":"standard","meta":{"footnotes":""},"categories":[9],"tags":[672,828,525,8976,20532,123,1011,27,6477,3022,23733,955,23734,2782,6996,1980,60,455],"class_list":{"0":"post-158156","1":"post","2":"type-post","3":"status-publish","4":"format-standard","5":"has-post-thumbnail","7":"category-sports","8":"tag-allemagne","9":"tag-belgique","10":"tag-calendrier","11":"tag-classements","12":"tag-didier-deschamps","13":"tag-espagne","14":"tag-fr","15":"tag-france","16":"tag-kylian-mbappe","17":"tag-ligue","18":"tag-ligue-des-nations","19":"tag-match","20":"tag-match-en-direct","21":"tag-ousmane-dembele","22":"tag-portugal","23":"tag-resultats","24":"tag-sports","25":"tag-uefa"},"share_on_mastodon":{"url":"https:\/\/pubeurope.com\/@fr\/114641625701763100","error":""},"_links":{"self":[{"href":"https:\/\/www.europesays.com\/fr\/wp-json\/wp\/v2\/posts\/158156","targetHints":{"allow":["GET"]}}],"collection":[{"href":"https:\/\/www.europesays.com\/fr\/wp-json\/wp\/v2\/posts"}],"about":[{"href":"https:\/\/www.europesays.com\/fr\/wp-json\/wp\/v2\/types\/post"}],"author":[{"embeddable":true,"href":"https:\/\/www.europesays.com\/fr\/wp-json\/wp\/v2\/users\/2"}],"replies":[{"embeddable":true,"href":"https:\/\/www.europesays.com\/fr\/wp-json\/wp\/v2\/comments?post=158156"}],"version-history":[{"count":0,"href":"https:\/\/www.europesays.com\/fr\/wp-json\/wp\/v2\/posts\/158156\/revisions"}],"wp:featuredmedia":[{"embeddable":true,"href":"https:\/\/www.europesays.com\/fr\/wp-json\/wp\/v2\/media\/158157"}],"wp:attachment":[{"href":"https:\/\/www.europesays.com\/fr\/wp-json\/wp\/v2\/media?parent=158156"}],"wp:term":[{"taxonomy":"category","embeddable":true,"href":"https:\/\/www.europesays.com\/fr\/wp-json\/wp\/v2\/categories?post=158156"},{"taxonomy":"post_tag","embeddable":true,"href":"https:\/\/www.europesays.com\/fr\/wp-json\/wp\/v2\/tags?post=158156"}],"curies":[{"name":"wp","href":"https:\/\/api.w.org\/{rel}","templated":true}]}}