{"id":158167,"date":"2025-06-07T10:37:10","date_gmt":"2025-06-07T10:37:10","guid":{"rendered":"https:\/\/www.europesays.com\/fr\/158167\/"},"modified":"2025-06-07T10:37:10","modified_gmt":"2025-06-07T10:37:10","slug":"cetait-sold-out-en-quelques-heures-le-succes-monstre-du-pelerinage-des-tradis-a-chartres-qui-agace-rome-le-parisien","status":"publish","type":"post","link":"https:\/\/www.europesays.com\/fr\/158167\/","title":{"rendered":"\u00ab C\u2019\u00e9tait sold-out en quelques heures ! \u00bb : le succ\u00e8s monstre du p\u00e8lerinage des tradis \u00e0 Chartres qui agace Rome &#8211; Le Parisien"},"content":{"rendered":"<ol>\n<li><a href=\"https:\/\/news.google.com\/rss\/articles\/CBMiigJBVV95cUxPVmtxaUxSbXdDQUJTZU1YeHJiTUFORFBLcHo5Y0RfdF95ZjJSaFlKNmpZX1ZQQ3QtaGd3RDgtUlJ3c0djQ0FTclVpRTNQZGY4UzVURnBtNjhQMFRROFhsMGgxeXJNaDVFdkdDU3BpMW93N3JiNGRNak1FZGFnbzlIRHZkZlI3dFRwVWZ4d1c2bDJNNVV0ekVuZ0VMcGpYZ012VC1aNnhZWi1YYXBEd1gtVHVTSzBvallpaHVNcGZrM1RiN2IxTVRSa3BSVzh0eU9oNG9Db3h3T2hDOHdWVTc5S0ZBdFZ4T2NjQzJmTGZVNy03d2xlNmJDV1ZaOVNaVXh2V3NKVVJxNEFrQQ?oc=5\" target=\"_blank\" rel=\"nofollow noopener\">\u00ab C\u2019\u00e9tait sold-out en quelques heures ! \u00bb : le succ\u00e8s monstre du p\u00e8lerinage des tradis \u00e0 Chartres qui agace Rome<\/a>&nbsp;&nbsp;Le Parisien<\/li>\n<li><a href=\"https:\/\/news.google.com\/rss\/articles\/CBMi9AFBVV95cUxQajdEQnV1bHpTTy1jeGI5Y3lrN2lydUgzN0kwdGlUajZmZU9PZ1h5bGpaTDh1cE9jVEo1TGN6UE5VeVR2R0JoZ2pMLTdWajhVR1ZKenJnMmZUTUNXbm0xZ1VCRHVIdnhOUWdWb3gtTkpaMmdlTWJwNEJUaURRU055UXZETldhUFpKTmNPYnRGcWdzcG5JTjJQM1pKanBpRW92VkkxUnpfM3VKMG42bVVIYnIwWHJRRGlCejVQazNxLUZ4c0paZVgxTS1BNklXWGlFU1dVQ0cwa3NmclFXMHNYYVp5YXZ0SlowOHBwUjdCd3VOby0w?oc=5\" target=\"_blank\" rel=\"nofollow noopener\">Pentec\u00f4te : 5.000 p\u00e8lerins traditionalistes au d\u00e9part de Notre-Dame de Chartres, ce samedi 7 juin<\/a>&nbsp;&nbsp;L&rsquo;Echo R\u00e9publicain<\/li>\n<li><a href=\"https:\/\/news.google.com\/rss\/articles\/CBMihAJBVV95cUxNYXFfZlhtQjNMNEQ3Zjg2b0VVVmRwTXVUOU95a0cycTQ3ekJLSGlpWVlvMzdWa25xM0V2cjV0ak5kc0FYa1oxeGp0dnV0Z0hKcEZmNDgwWXBiRlBPLTFmTC1veFpka2hwNC1fVURtZ2hxMDVqbUpaR0FXSUF2d2NrYUstY1g4SkgzM0hYQnNCcE1mZGhBWkp6VnZubUQzbkhNNEJsUThPNS1mYkl6R0I5SkZkV3JqXzFvUF9YQnpHNUtkbUloRXZ5eDlTOHpocnBhYUZNdXJCOVBVc09CazAxUGJhVHJMWGlFMkZyc0tRZm9UdmdkNXZJSktmVWVIM1d5Tk15cQ?oc=5\" target=\"_blank\" rel=\"nofollow noopener\">Grand rassemblement traditionaliste, le p\u00e8lerinage de Chartres s\u00e9duit les jeunes catholiques<\/a>&nbsp;&nbsp;Ouest-France<\/li>\n<li><a href=\"https:\/\/news.google.com\/rss\/articles\/CBMi6gFBVV95cUxNWFptM3dEc0Z3VkkxcVJvRFBnSS1oZldoRjgzZk9pZFhnRU5oaHdfM3pJQ0F4dnl4TUlfZmU3ZEtZdjVLN1hIb2tyeEZiVThoLV8tTXN5YXlVbFJmYlVMWHhkd3RnQjBDMFlJcjRjX21hMURLUl93MzNiSzZWX2dGdXZDYnFySFQzNkpDbEdYMU1Fbng3RFN5QjJsaUlUSTRZMk83T0J0ZzcxNGtibnVkdGs1dXJWN1NvSDhPd2JxZ0w2ZGFVMmNab3pyNWwyYlBTYkdQc1hObFgxLUE0aFNVeWZfN1pyeXZpZHc?oc=5\" target=\"_blank\" rel=\"nofollow noopener\">\u00abRetrouver le sens du sacr\u00e9, de l\u2019engagement, du don de soi\u00bb : les raisons du succ\u00e8s du p\u00e8lerinage de Chartres<\/a>&nbsp;&nbsp;Le Figaro<\/li>\n<li><a href=\"https:\/\/news.google.com\/rss\/articles\/CBMizgFBVV95cUxNRklCOG1OejkyWVRPdW52WUwxc1hDOGNJZWJtUjlEOElON2JaUGx5emZ2OXFjRlI4cHlUV2VqRlRrVUhqV2syMkJMdnJ6bi1rN01xR0FmYnpjdFZpbzRXNlVIMGxqZlJuS24wbFYzVk9qYVVXc0tjVFlBcEMxeEpDWEJmOVc1MWNVU3REdnI4STh2RzhfMGpnYTIzQ1FUekNpNUwwUnVhUGF1cHk4YkxWOWdZX18xdlkwbkVFaFVQRUo2TGpNbjZqa3dYTXd5Zw?oc=5\" target=\"_blank\" rel=\"nofollow noopener\">P\u00e8lerinage de Chartres : \u00ab Le catholicisme peine \u00e0 penser la communion dans la pluralit\u00e9 rituelle \u00bb<\/a>&nbsp;&nbsp;La Croix<\/li>\n<\/ol>\n","protected":false},"excerpt":{"rendered":"\u00ab C\u2019\u00e9tait sold-out en quelques heures ! \u00bb : le succ\u00e8s monstre du p\u00e8lerinage des tradis \u00e0 Chartres&hellip;\n","protected":false},"author":2,"featured_media":158168,"comment_status":"","ping_status":"","sticky":false,"template":"","format":"standard","meta":{"footnotes":""},"categories":[2],"tags":[11,459,1011,27,12,11725,104],"class_list":{"0":"post-158167","1":"post","2":"type-post","3":"status-publish","4":"format-standard","5":"has-post-thumbnail","7":"category-actualites","8":"tag-actualites","9":"tag-departements-horsidfo","10":"tag-fr","11":"tag-france","12":"tag-news","13":"tag-religions","14":"tag-societe"},"share_on_mastodon":{"url":"https:\/\/pubeurope.com\/@fr\/114641649231327329","error":""},"_links":{"self":[{"href":"https:\/\/www.europesays.com\/fr\/wp-json\/wp\/v2\/posts\/158167","targetHints":{"allow":["GET"]}}],"collection":[{"href":"https:\/\/www.europesays.com\/fr\/wp-json\/wp\/v2\/posts"}],"about":[{"href":"https:\/\/www.europesays.com\/fr\/wp-json\/wp\/v2\/types\/post"}],"author":[{"embeddable":true,"href":"https:\/\/www.europesays.com\/fr\/wp-json\/wp\/v2\/users\/2"}],"replies":[{"embeddable":true,"href":"https:\/\/www.europesays.com\/fr\/wp-json\/wp\/v2\/comments?post=158167"}],"version-history":[{"count":0,"href":"https:\/\/www.europesays.com\/fr\/wp-json\/wp\/v2\/posts\/158167\/revisions"}],"wp:featuredmedia":[{"embeddable":true,"href":"https:\/\/www.europesays.com\/fr\/wp-json\/wp\/v2\/media\/158168"}],"wp:attachment":[{"href":"https:\/\/www.europesays.com\/fr\/wp-json\/wp\/v2\/media?parent=158167"}],"wp:term":[{"taxonomy":"category","embeddable":true,"href":"https:\/\/www.europesays.com\/fr\/wp-json\/wp\/v2\/categories?post=158167"},{"taxonomy":"post_tag","embeddable":true,"href":"https:\/\/www.europesays.com\/fr\/wp-json\/wp\/v2\/tags?post=158167"}],"curies":[{"name":"wp","href":"https:\/\/api.w.org\/{rel}","templated":true}]}}