{"id":158169,"date":"2025-06-07T10:38:21","date_gmt":"2025-06-07T10:38:21","guid":{"rendered":"https:\/\/www.europesays.com\/fr\/158169\/"},"modified":"2025-06-07T10:38:21","modified_gmt":"2025-06-07T10:38:21","slug":"plus-de-5-millions-de-voyageurs-par-an-et-bientot-une-nouvelle-station","status":"publish","type":"post","link":"https:\/\/www.europesays.com\/fr\/158169\/","title":{"rendered":"plus de 5 millions de voyageurs par an et bient\u00f4t une nouvelle station"},"content":{"rendered":"<p>Presque un kilom\u00e8tre. 950 m\u00e8tres exactement. C\u2019est la distance qu\u2019il y a entre l\u2019arr\u00eat \u00ab\u00a0Soleil\u00a0\u00bb et l\u2019arr\u00eat \u00ab\u00a0Z\u00e9nith-Com\u00e9die\u00a0\u00bb sur la troisi\u00e8me ligne de tramway.<\/p>\n<p>Si elle n\u2019est pas non plus d\u00e9mesur\u00e9e, cette distance est quand m\u00eame plut\u00f4t inhabituelle \u00e0 Saint-\u00c9tienne, o\u00f9 \u00ab\u00a0en g\u00e9n\u00e9ral, il y a seulement entre 200 et 500 m\u00e8tres d\u2019\u00e9cart entre deux stations\u00a0\u00bb, a soulign\u00e9 Jean-Pierre Berger, premier adjoint au maire en charge de l\u2019urbanisme, lors du conseil municipal du 2\u00a0juin.<\/p>\n<p>Plus de quatre ans apr\u00e8s la mise&#8230;<\/p>\n","protected":false},"excerpt":{"rendered":"Presque un kilom\u00e8tre. 950 m\u00e8tres exactement. C\u2019est la distance qu\u2019il y a entre l\u2019arr\u00eat \u00ab\u00a0Soleil\u00a0\u00bb et l\u2019arr\u00eat \u00ab\u00a0Z\u00e9nith-Com\u00e9die\u00a0\u00bb&hellip;\n","protected":false},"author":2,"featured_media":158170,"comment_status":"","ping_status":"","sticky":false,"template":"","format":"standard","meta":{"footnotes":""},"categories":[9653],"tags":[1111,11,2430,1984,7539,1777,674,1011,27,3367,12,316,25,4001,7538,2803],"class_list":{"0":"post-158169","1":"post","2":"type-post","3":"status-publish","4":"format-standard","5":"has-post-thumbnail","7":"category-saint-etienne","8":"tag-actu","9":"tag-actualites","10":"tag-auvergne-rhone-alpes","11":"tag-conseil-municipal","12":"tag-edition-loire-sud","13":"tag-eu","14":"tag-europe","15":"tag-fr","16":"tag-france","17":"tag-loire","18":"tag-news","19":"tag-politique","20":"tag-republique-francaise","21":"tag-saint-etienne","22":"tag-saint-etienne-ville","23":"tag-transport"},"share_on_mastodon":{"url":"https:\/\/pubeurope.com\/@fr\/114641653231700667","error":""},"_links":{"self":[{"href":"https:\/\/www.europesays.com\/fr\/wp-json\/wp\/v2\/posts\/158169","targetHints":{"allow":["GET"]}}],"collection":[{"href":"https:\/\/www.europesays.com\/fr\/wp-json\/wp\/v2\/posts"}],"about":[{"href":"https:\/\/www.europesays.com\/fr\/wp-json\/wp\/v2\/types\/post"}],"author":[{"embeddable":true,"href":"https:\/\/www.europesays.com\/fr\/wp-json\/wp\/v2\/users\/2"}],"replies":[{"embeddable":true,"href":"https:\/\/www.europesays.com\/fr\/wp-json\/wp\/v2\/comments?post=158169"}],"version-history":[{"count":0,"href":"https:\/\/www.europesays.com\/fr\/wp-json\/wp\/v2\/posts\/158169\/revisions"}],"wp:featuredmedia":[{"embeddable":true,"href":"https:\/\/www.europesays.com\/fr\/wp-json\/wp\/v2\/media\/158170"}],"wp:attachment":[{"href":"https:\/\/www.europesays.com\/fr\/wp-json\/wp\/v2\/media?parent=158169"}],"wp:term":[{"taxonomy":"category","embeddable":true,"href":"https:\/\/www.europesays.com\/fr\/wp-json\/wp\/v2\/categories?post=158169"},{"taxonomy":"post_tag","embeddable":true,"href":"https:\/\/www.europesays.com\/fr\/wp-json\/wp\/v2\/tags?post=158169"}],"curies":[{"name":"wp","href":"https:\/\/api.w.org\/{rel}","templated":true}]}}