{"id":158175,"date":"2025-06-07T10:41:11","date_gmt":"2025-06-07T10:41:11","guid":{"rendered":"https:\/\/www.europesays.com\/fr\/158175\/"},"modified":"2025-06-07T10:41:11","modified_gmt":"2025-06-07T10:41:11","slug":"nancy-venues-pour-fuir-la-guerre-onze-ukrainiennes-valident-leur-titre-dassistantes-de-vie-professionnelles-en-seulement-1-an","status":"publish","type":"post","link":"https:\/\/www.europesays.com\/fr\/158175\/","title":{"rendered":"Nancy. Venues pour fuir la guerre, onze Ukrainiennes valident leur titre d&rsquo;assistantes de vie professionnelles en seulement 1 an"},"content":{"rendered":"<p>C\u2019est dans une ambiance joyeuse et chaleureuse que s\u2019est d\u00e9roul\u00e9e, jeudi 5\u00a0juin, la remise du titre professionnel \u00ab\u00a0Assistant de Vie aux Familles\u00a0\u00bb, a un groupe de femmes ukrainiennes.<\/p>\n<p>Au terme d\u2019une ann\u00e9e de formation a l\u2019IFP (Institut de Formation Pratique), ces onze dipl\u00f4m\u00e9es sont d\u00e9sormais qualifi\u00e9es et pr\u00eates a s\u2019int\u00e9grer sur le march\u00e9 de l\u2019emploi, beaucoup ayant m\u00eame d\u00e9j\u00e0 d\u00e9croch\u00e9 un CDI.<\/p>\n<p>Depuis 2024, <a href=\"https:\/\/www.estrepublicain.fr\/economie\/2024\/09\/07\/un-job-dating-pour-apprendre-le-francais-et-le-metier-d-assistant-de-vie\" target=\"_blank\" rel=\"noopener\"> l &lsquo;IFP, s\u2019est engag\u00e9 activement dans l\u2019accompagnement de personnes r\u00e9fugi\u00e9es ukrainiennes<\/a> , en d\u00e9veloppant un parcours professionnalisant et inclusif.<\/p>\n<p class=\"txt\">Je veux, pour remercier la France, aider \u00e0 mon tour.\u00a0<\/p>\n<p class=\"nom\">Anna Barsehian<\/p>\n<p>Cette formation a \u00e9t\u00e9 une opportunit\u00e9 pr\u00e9cieuse pour ces femmes ont-elles fait savoir. Elles ont pu acqu\u00e9rir une qualification reconnue, et consolider leur ma\u00eetrise du fran\u00e7ais, un atout essentiel pour leur int\u00e9gration.<\/p>\n<p>Anna Barsehian, la cinquantaine a partag\u00e9 son \u00e9motion. Venue en France pour fuir la guerre, laissant derri\u00e8re elle son mari et son fils, cette ing\u00e9nieure et styliste de formation est profond\u00e9ment reconnaissante de l\u2019aide re\u00e7ue\u00a0: \u00ab\u00a0je suis venue en France \u00e0 cause de la guerre, pour pouvoir se prot\u00e9ger. Je veux, pour remercier la France, aider \u00e0 mon tour\u00a0\u00bb a-t-elle d\u00e9clar\u00e9, t\u00e9moignant de son d\u00e9sir de rendre <a href=\"https:\/\/www.estrepublicain.fr\/defense-guerre-conflit\/2025\/02\/24\/accueil-des-refugies-ukrainiens-le-departement-modele-d-insertion\" target=\"_blank\" rel=\"noopener\">ce qu\u2019elle a re\u00e7u<\/a>.<\/p>\n<p>Marie Noelle Marotta, r\u00e9f\u00e9rente p\u00e9dagogique du groupe, a soulign\u00e9 la d\u00e9termination de ces femmes \u00ab\u00a0Ces femmes, qui vivent au jour le jour, ont suivi cette formation dans la bonne humeur\u00a0\u00bb a-t-elle confi\u00e9, ajoutant que leur philosophie, \u00ab\u00a0rien n\u2019est grave, sauf la guerre\u00a0\u00bb.<\/p>\n","protected":false},"excerpt":{"rendered":"C\u2019est dans une ambiance joyeuse et chaleureuse que s\u2019est d\u00e9roul\u00e9e, jeudi 5\u00a0juin, la remise du titre professionnel \u00ab\u00a0Assistant&hellip;\n","protected":false},"author":2,"featured_media":158176,"comment_status":"","ping_status":"","sticky":false,"template":"","format":"standard","meta":{"footnotes":""},"categories":[9635],"tags":[1111,11,1704,1777,674,1011,27,775,1702,1703,12,25,801],"class_list":{"0":"post-158175","1":"post","2":"type-post","3":"status-publish","4":"format-standard","5":"has-post-thumbnail","7":"category-nancy","8":"tag-actu","9":"tag-actualites","10":"tag-edition-nancy-et-agglomeration","11":"tag-eu","12":"tag-europe","13":"tag-fr","14":"tag-france","15":"tag-grand-est","16":"tag-nancy","17":"tag-nancy-ville-54b","18":"tag-news","19":"tag-republique-francaise","20":"tag-social"},"share_on_mastodon":{"url":"https:\/\/pubeurope.com\/@fr\/114641664980996250","error":""},"_links":{"self":[{"href":"https:\/\/www.europesays.com\/fr\/wp-json\/wp\/v2\/posts\/158175","targetHints":{"allow":["GET"]}}],"collection":[{"href":"https:\/\/www.europesays.com\/fr\/wp-json\/wp\/v2\/posts"}],"about":[{"href":"https:\/\/www.europesays.com\/fr\/wp-json\/wp\/v2\/types\/post"}],"author":[{"embeddable":true,"href":"https:\/\/www.europesays.com\/fr\/wp-json\/wp\/v2\/users\/2"}],"replies":[{"embeddable":true,"href":"https:\/\/www.europesays.com\/fr\/wp-json\/wp\/v2\/comments?post=158175"}],"version-history":[{"count":0,"href":"https:\/\/www.europesays.com\/fr\/wp-json\/wp\/v2\/posts\/158175\/revisions"}],"wp:featuredmedia":[{"embeddable":true,"href":"https:\/\/www.europesays.com\/fr\/wp-json\/wp\/v2\/media\/158176"}],"wp:attachment":[{"href":"https:\/\/www.europesays.com\/fr\/wp-json\/wp\/v2\/media?parent=158175"}],"wp:term":[{"taxonomy":"category","embeddable":true,"href":"https:\/\/www.europesays.com\/fr\/wp-json\/wp\/v2\/categories?post=158175"},{"taxonomy":"post_tag","embeddable":true,"href":"https:\/\/www.europesays.com\/fr\/wp-json\/wp\/v2\/tags?post=158175"}],"curies":[{"name":"wp","href":"https:\/\/api.w.org\/{rel}","templated":true}]}}