{"id":158177,"date":"2025-06-07T10:42:10","date_gmt":"2025-06-07T10:42:10","guid":{"rendered":"https:\/\/www.europesays.com\/fr\/158177\/"},"modified":"2025-06-07T10:42:10","modified_gmt":"2025-06-07T10:42:10","slug":"les-charges-des-hlm-explosent-dans-ce-quartier-de-la-seyne-les-representants-des-locataires-sorganisent-et-montent-au-front","status":"publish","type":"post","link":"https:\/\/www.europesays.com\/fr\/158177\/","title":{"rendered":"Les charges des HLM explosent dans ce quartier de La Seyne, les repr\u00e9sentants des locataires s&rsquo;organisent et montent au front"},"content":{"rendered":"<p>Actuellement, les associations de d\u00e9fense des locataires HLM, au premier rang desquelles Indecosa-CGT 83, sont particuli\u00e8rement occup\u00e9es. Et pr\u00e9occup\u00e9es. \u00ab\u00a0De nombreux locataires de Toulon Habitat M\u00e9diterran\u00e9e (THM) nous ont sollicit\u00e9s sur <strong>la question du niveau anormalement \u00e9lev\u00e9 des r\u00e9gularisations de charges<\/strong> qu\u2019ils re\u00e7oivent en ce moment, et sans en avoir \u00e9t\u00e9 avertis\u00a0\u00bb, a commenc\u00e9 le pr\u00e9sident Andr\u00e9 Cheinet, ce vendredi matin depuis la permanence situ\u00e9e au c\u0153ur de la cit\u00e9 Berthe, dans la r\u00e9sidence Les Prairies. Autour de lui, des habitants et repr\u00e9sentants de plusieurs r\u00e9sidences, du nord au sud de La Seyne, dont des \u00e9lus si\u00e9geant au conseil d\u2019administration de THM.<\/p>\n<p>Ces derniers jours, plusieurs d\u2019entre eux ont entrepris de r\u00e9pertorier les situations de chaque logement, en porte \u00e0 porte, et font aujourd\u2019hui \u00e9tat de \u00ab\u00a0grandes diff\u00e9rences entre certains foyers similaires\u00a0\u00bb et \u00ab\u00a0d\u2019anomalies\u00a0\u00bb. \u00c0 l\u2019image de \u00ab\u00a0<strong>cette famille qui a re\u00e7u une quittance de pr\u00e8s de 2000 euros<\/strong>, pourtant sans changement de situation, et pr\u00e9sente dans ce logement depuis des ann\u00e9es\u00a0\u00bb.<\/p>\n<p><strong>\u00ab\u00a0Au cas par cas\u00a0\u00bb<\/strong><\/p>\n<p>Apr\u00e8s avoir rappel\u00e9 la r\u00e9cente mobilisation des locataires de la Beaucaire (<a href=\"https:\/\/www.varmatin.com\/social\/la-maurelle-en-colere-contre-la-hausse-des-charges-988803\" rel=\"nofollow noopener\" target=\"_blank\">ainsi qu\u2019\u00e0 la Maurelle quelques jours plus tard, lire nos pr\u00e9c\u00e9dentes \u00e9ditions<\/a>), qui ont ensuite \u00e9t\u00e9 re\u00e7us \u00e0 THM avec \u00ab\u00a0l\u2019engagement d\u2019un retour d\u2019information\u00a0\u00bb, cette r\u00e9union a permis de pr\u00e9ciser les attentes: \u00ab\u00a0Nous constituons en ce moment un dossier des cas qui nous sont signal\u00e9s et nous devrions avoir une r\u00e9union de travail avec la direction de THM d\u2019ici 15 jours, annonce M. Cheinet. Nous demanderons que soient \u00e9tudi\u00e9s tous les dossiers des locataires ayant une r\u00e9gularisation importante; que soit v\u00e9rifi\u00e9 le bon fonctionnement des appareils, compteurs, r\u00e9seaux; et qu\u2019il n\u2019y ait pas de poursuite en cas de non-paiement des charges en attendant les r\u00e9sultats de ces v\u00e9rifications.\u00a0\u00bb<\/p>\n<p><strong>\u00ab\u00a0L\u2019impression d\u2019\u00eatre des sous-citoyens\u00a0\u00bb<\/strong><\/p>\n<p>Un exemple pr\u00e9cis d\u2019anomalie constat\u00e9e: \u00ab\u00a0Pour les locataires connect\u00e9s au chauffage urbain, THM doit rectifier, selon Indecosa, la r\u00e9gularisation qui a \u00e9t\u00e9 calcul\u00e9e en fonction de la surface des logements et non sur la charge r\u00e9elle.\u00a0\u00bb Ou, encore: \u00ab\u00a0<strong>Comment est-ce possible qu\u2019une charge de chauffage au gaz soit r\u00e9clam\u00e9e pour un logement qui s\u2019est \u00e9quip\u00e9 d\u2019une chaudi\u00e8re autonome<\/strong> et qui devrait donc payer directement sa consommation au fournisseur?\u00a0\u00bb<\/p>\n<p>Autour de la table, ce jour-l\u00e0, ce coup dur pour le portefeuille des locataires a \u00e9t\u00e9 l\u2019occasion d\u2019\u00e9voquer un tas de probl\u00e8mes r\u00e9currents dans les quartiers, de nature \u00e0 voir s\u2019exprimer \u00ab\u00a0le sentiment d\u2019un manque de consid\u00e9ration de THM\u00a0\u00bb et \u00ab\u00a0l\u2019impression d\u2019\u00eatre pris pour des sous-citoyens\u00a0\u00bb, comme l\u2019a dit un habitant du Mont des Oiseaux en emploi pr\u00e9caire, en l\u2019occurrence auxiliaire de vie.<\/p>\n<p>La d\u00e9fense des locataires semble s\u2019organiser comme rarement, et pourrait bien s\u2019\u00e9tendre au-del\u00e0 de la seule question des charges incomprises.<\/p>\n","protected":false},"excerpt":{"rendered":"Actuellement, les associations de d\u00e9fense des locataires HLM, au premier rang desquelles Indecosa-CGT 83, sont particuli\u00e8rement occup\u00e9es. Et&hellip;\n","protected":false},"author":2,"featured_media":158178,"comment_status":"","ping_status":"","sticky":false,"template":"","format":"standard","meta":{"footnotes":""},"categories":[9619],"tags":[1111,11,33,1777,674,1011,27,12,882,25,801,2310,3366],"class_list":{"0":"post-158177","1":"post","2":"type-post","3":"status-publish","4":"format-standard","5":"has-post-thumbnail","7":"category-toulon","8":"tag-actu","9":"tag-actualites","10":"tag-economie","11":"tag-eu","12":"tag-europe","13":"tag-fr","14":"tag-france","15":"tag-news","16":"tag-provence-alpes-cote-dazur","17":"tag-republique-francaise","18":"tag-social","19":"tag-toulon","20":"tag-vie-locale"},"share_on_mastodon":{"url":"https:\/\/pubeurope.com\/@fr\/114641668938721986","error":""},"_links":{"self":[{"href":"https:\/\/www.europesays.com\/fr\/wp-json\/wp\/v2\/posts\/158177","targetHints":{"allow":["GET"]}}],"collection":[{"href":"https:\/\/www.europesays.com\/fr\/wp-json\/wp\/v2\/posts"}],"about":[{"href":"https:\/\/www.europesays.com\/fr\/wp-json\/wp\/v2\/types\/post"}],"author":[{"embeddable":true,"href":"https:\/\/www.europesays.com\/fr\/wp-json\/wp\/v2\/users\/2"}],"replies":[{"embeddable":true,"href":"https:\/\/www.europesays.com\/fr\/wp-json\/wp\/v2\/comments?post=158177"}],"version-history":[{"count":0,"href":"https:\/\/www.europesays.com\/fr\/wp-json\/wp\/v2\/posts\/158177\/revisions"}],"wp:featuredmedia":[{"embeddable":true,"href":"https:\/\/www.europesays.com\/fr\/wp-json\/wp\/v2\/media\/158178"}],"wp:attachment":[{"href":"https:\/\/www.europesays.com\/fr\/wp-json\/wp\/v2\/media?parent=158177"}],"wp:term":[{"taxonomy":"category","embeddable":true,"href":"https:\/\/www.europesays.com\/fr\/wp-json\/wp\/v2\/categories?post=158177"},{"taxonomy":"post_tag","embeddable":true,"href":"https:\/\/www.europesays.com\/fr\/wp-json\/wp\/v2\/tags?post=158177"}],"curies":[{"name":"wp","href":"https:\/\/api.w.org\/{rel}","templated":true}]}}