{"id":158185,"date":"2025-06-07T10:46:21","date_gmt":"2025-06-07T10:46:21","guid":{"rendered":"https:\/\/www.europesays.com\/fr\/158185\/"},"modified":"2025-06-07T10:46:21","modified_gmt":"2025-06-07T10:46:21","slug":"la-seine-maritime-placee-en-vigilance-jaune-par-meteofrance-ce-samedi-soir","status":"publish","type":"post","link":"https:\/\/www.europesays.com\/fr\/158185\/","title":{"rendered":"la Seine-Maritime plac\u00e9e en vigilance jaune par M\u00e9t\u00e9oFrance ce samedi soir"},"content":{"rendered":"<p>            Par<br \/>\n        <strong><br \/>\n            <a href=\"https:\/\/actu.fr\/auteur\/louise-boutard\" title=\"Consulter tous les articles de Louise Boutard\" target=\"_blank\" rel=\"noopener\">Louise Boutard<\/a><br \/>\n        <\/strong><\/p>\n<p>        Publi\u00e9 le<\/p>\n<p>            7 juin 2025 \u00e0 9h50        <\/p>\n<p>C\u2019est un week-end prolong\u00e9 et pourtant, il vaut mieux rester chez soi. <a href=\"https:\/\/www.facebook.com\/Prefet76\/posts\/pfbid0YiM2vuQZsfRqsvEnnYBu1LdHVSjXJEgspV59cUATbuzJS3vPoSz9xjp8Zs5U3Xrwl\" target=\"_blank\" rel=\"noopener\">M\u00e9t\u00e9o-France a plac\u00e9 la Seine-Maritime en vigilance jaune<\/a> concernant les orages. Cela signifie que les habitants de Rouen, du\u00a0Havre mais aussi de tout le d\u00e9partement sont invit\u00e9s \u00e0 prendre leurs pr\u00e9cautions lorsqu\u2019ils se d\u00e9placent, \u00e0 partir de 17\u2009h ce samedi 7\u00a0juin 2025.<\/p>\n<p>Une alerte pour les orages \u00e0 Rouen et Dieppe<\/p>\n<p class=\" wall-content\">L\u2019alerte concerne en particulier la ville de <a href=\"https:\/\/actu.fr\/normandie\/rouen_76540\" target=\"_blank\" rel=\"noopener\">Rouen<\/a> ou encore \u00e0 <a href=\"https:\/\/meteofrance.com\/previsions-meteo-france\/dieppe\/76200\" target=\"_blank\" rel=\"noopener\">Dieppe<\/a> et <a href=\"https:\/\/meteofrance.com\/previsions-meteo-france\/yvetot\/76190\" target=\"_blank\" rel=\"noopener\">Yvetot<\/a>, selon M\u00e9t\u00e9o-France avec des averses orageuses attendues en apr\u00e8s-midi et en soir\u00e9e. <a href=\"https:\/\/actu.fr\/normandie\/le-havre_76351\" target=\"_blank\" rel=\"noopener\">Au\u00a0Havre<\/a>, le vent s\u2019annonce fort toute la journ\u00e9e avec des pluies d\u2019intensit\u00e9 variable. On reste tout de m\u00eame vigilant.<\/p>\n<p class=\" wall-content\">Outre les sorties et d\u00e9placements \u00e0 limiter, M\u00e9t\u00e9oFrance rappelle de placer en lieu s\u00fbr les objets qui pourraient s\u2019av\u00e9rer sensibles au vent. Parasols et poubelles vides ont facilement tendance \u00e0 quitter les jardins et devenir dangereux sur la voie publique.<\/p>\n<p class=\" wall-content\">Pour le moment, la journ\u00e9e de dimanche n\u2019est pas concern\u00e9e par cette alerte. Pour surveiller une \u00e9ventuelle \u00e9volution. Il est conseill\u00e9 de se rendre directement <a href=\"https:\/\/vigilance.meteofrance.fr\/fr\/seine-maritime?fbclid=IwY2xjawKwyp9leHRuA2FlbQIxMABicmlkETAzUkc3emJPQWc5bDl3Mk9BAR7hKEo7E9oedigsk0wye6lRogRhy8XW999DgGAc2SicgdX8M_Ti61L32P8aZA_aem_VHU6QJ35lZl6rq4JOfkELw\" target=\"_blank\" rel=\"noopener\">sur le site de M\u00e9t\u00e9oFrance<\/a>.<\/p>\n<p class=\" wall-content\">facebook.com\/Prefet76\/posts\/pfbid0YiM2vuQZsfRqsvEnnYBu1LdHVSjXJEgspV59cUATbuzJS3vPoSz9xjp8Zs5U3Xrwl<\/p>\n<p class=\" wall-content\">Au total en France m\u00e9tropolitaine, 24 d\u00e9partements sont concern\u00e9s par cette vigilance jaune aux orages, ce samedi 7\u00a0juin 2025.<\/p>\n<p>Vid\u00e9os : en ce moment sur ActuSuivez l\u2019actualit\u00e9 de Rouen sur <a href=\"https:\/\/www.whatsapp.com\/channel\/0029VaKfnf99hXF2ddApFB1D\" target=\"_blank\" rel=\"noopener\">notre cha\u00eene WhatsApp<\/a> et sur <a href=\"https:\/\/www.tiktok.com\/@76actu.fr?lang=fr\" target=\"_blank\" rel=\"noopener\">notre compte TikTok<\/a><\/p>\n<p class=\" wall-content\">Suivez toute l\u2019actualit\u00e9 de vos villes et m\u00e9dias favoris en vous inscrivant \u00e0 <a href=\"https:\/\/moncompte.actu.fr\" title=\"D\u00e9couvez Mon Actu\" rel=\"nofollow noopener\" data-trk=\"{&quot;cta&quot;:{&quot;action&quot;:&quot;https:\\\/\\\/moncompte.actu.fr&quot;,&quot;category&quot;:&quot;mon compte&quot;,&quot;from&quot;:&quot;article footer&quot;,&quot;name&quot;:&quot;Mon actu&quot;,&quot;type&quot;:&quot;cta&quot;}}\" target=\"_blank\">Mon Actu<\/a>.<\/p>\n<p>                    <script async src=\"\/\/www.tiktok.com\/embed.js\"><\/script><\/p>\n","protected":false},"excerpt":{"rendered":"Par Louise Boutard Publi\u00e9 le 7 juin 2025 \u00e0 9h50 C\u2019est un week-end prolong\u00e9 et pourtant, il vaut&hellip;\n","protected":false},"author":2,"featured_media":158186,"comment_status":"","ping_status":"","sticky":false,"template":"","format":"standard","meta":{"footnotes":""},"categories":[9587],"tags":[1111,11,898,1777,674,1011,27,2487,2357,12,5161,4594,25,9590],"class_list":{"0":"post-158185","1":"post","2":"type-post","3":"status-publish","4":"format-standard","5":"has-post-thumbnail","7":"category-rouen","8":"tag-actu","9":"tag-actualites","10":"tag-alerte","11":"tag-eu","12":"tag-europe","13":"tag-fr","14":"tag-france","15":"tag-meteo","16":"tag-meteo-france","17":"tag-news","18":"tag-normandie","19":"tag-orages","20":"tag-republique-francaise","21":"tag-rouen"},"share_on_mastodon":{"url":"https:\/\/pubeurope.com\/@fr\/114641684941259424","error":""},"_links":{"self":[{"href":"https:\/\/www.europesays.com\/fr\/wp-json\/wp\/v2\/posts\/158185","targetHints":{"allow":["GET"]}}],"collection":[{"href":"https:\/\/www.europesays.com\/fr\/wp-json\/wp\/v2\/posts"}],"about":[{"href":"https:\/\/www.europesays.com\/fr\/wp-json\/wp\/v2\/types\/post"}],"author":[{"embeddable":true,"href":"https:\/\/www.europesays.com\/fr\/wp-json\/wp\/v2\/users\/2"}],"replies":[{"embeddable":true,"href":"https:\/\/www.europesays.com\/fr\/wp-json\/wp\/v2\/comments?post=158185"}],"version-history":[{"count":0,"href":"https:\/\/www.europesays.com\/fr\/wp-json\/wp\/v2\/posts\/158185\/revisions"}],"wp:featuredmedia":[{"embeddable":true,"href":"https:\/\/www.europesays.com\/fr\/wp-json\/wp\/v2\/media\/158186"}],"wp:attachment":[{"href":"https:\/\/www.europesays.com\/fr\/wp-json\/wp\/v2\/media?parent=158185"}],"wp:term":[{"taxonomy":"category","embeddable":true,"href":"https:\/\/www.europesays.com\/fr\/wp-json\/wp\/v2\/categories?post=158185"},{"taxonomy":"post_tag","embeddable":true,"href":"https:\/\/www.europesays.com\/fr\/wp-json\/wp\/v2\/tags?post=158185"}],"curies":[{"name":"wp","href":"https:\/\/api.w.org\/{rel}","templated":true}]}}