{"id":158187,"date":"2025-06-07T10:47:28","date_gmt":"2025-06-07T10:47:28","guid":{"rendered":"https:\/\/www.europesays.com\/fr\/158187\/"},"modified":"2025-06-07T10:47:28","modified_gmt":"2025-06-07T10:47:28","slug":"cest-un-lieu-a-notre-image","status":"publish","type":"post","link":"https:\/\/www.europesays.com\/fr\/158187\/","title":{"rendered":"\u00ab C&rsquo;est un lieu \u00e0 notre image \u00bb"},"content":{"rendered":"<p>            Par<br \/>\n        <strong><br \/>\n            <a href=\"https:\/\/actu.fr\/auteur\/jessie-leclerc\" title=\"Consulter tous les articles de Jessie Leclerc\" target=\"_blank\" rel=\"noopener\">Jessie Leclerc<\/a><br \/>\n        <\/strong><\/p>\n<p>        Publi\u00e9 le<\/p>\n<p>            7 juin 2025 \u00e0 9h20        <\/p>\n<p>Le 31\u00a0mai 2025 <strong>un nouveau coffee shop<\/strong> \u00e0 ouvert ses portes, \u00e0 deux pas de la gare <a href=\"https:\/\/actu.fr\/normandie\/rouen_76540\" target=\"_blank\" rel=\"noopener\">de Rouen (Seine-Maritime)<\/a>. Minimaliste, le <strong>Onze. Caf\u00e9<\/strong> ne pr\u00e9tend pas r\u00e9inventer le genre, mais l\u2019incarner autrement avec, \u00e0 la fois, des tendances actuelles comme les \u00ab\u2009instagrammables\u2009\u00bb matcha et ube latte, mais aussi des boissons signatures. D\u00e9tails.<\/p>\n<p>Du pr\u00eat-\u00e0-porter au coffee shop<\/p>\n<p class=\" wall-content\">Derri\u00e8re le comptoir, \u00c9lodie Duval, 38\u00a0ans, et Annabelle Picard, 36\u00a0ans. Leur histoire n\u2019a rien d\u2019ordinaire. <strong>Managers<\/strong> en bin\u00f4me pendant <strong>15\u00a0ans dans le pr\u00eat-\u00e0-porter<\/strong>, les deux amies ont pris une nouvelle route ensemble. M\u00eame quand leurs chemins se sont temporairement s\u00e9par\u00e9s \u2013 \u00c9lodie \u00e0 Paris pendant un an, Annabelle restant \u00e0 Rouen \u2013 leur proximit\u00e9 est rest\u00e9e intacte, et l\u2019id\u00e9e <a href=\"https:\/\/actu.fr\/normandie\/rouen_76540\/en-famille-ils-ouvrent-a-rouen-un-restaurant-cafe-ou-l-on-peut-acheter-de-la-deco_61934533.html\" target=\"_blank\" rel=\"noopener\">du coffee shop<\/a> a doucement m\u00fbri.<\/p>\n<blockquote class=\"ac-article-quote wall-content\">\n<p>L&rsquo;univers des coffee shops parisiens nous a inspir\u00e9es. C&rsquo;est l\u00e0 que l&rsquo;id\u00e9e a \u00e9man\u00e9. Et on a toujours su que l&rsquo;on voulait cr\u00e9er quelque chose \u00e0 nous. Ici \u00e7a se concr\u00e9tise, tout nous correspond.<\/p>\n<p>    <strong>Elodie Duval<\/strong><br \/>\n        G\u00e9rante du Onze. Caf\u00e9, \u00e0 Rouen.    <\/p><\/blockquote>\n<p class=\" wall-content\">Chez Onze. Caf\u00e9, pas de fioritures. L\u2019espace est brut, <strong>\u00e9pur\u00e9, mais accueillant<\/strong>. \u00ab\u2009Ici on est hyper simple, il n\u2019y a qu\u2019\u00e0 voir la d\u00e9co, mais ce n\u2019est pas froid pour autant. On tient \u00e0 la convivialit\u00e9, insiste Annabelle. On vient du commerce donc on sait ce que c\u2019est que le contact client et que de cr\u00e9er du lien avec eux.\u2009\u00bb<\/p>\n<p>Les boissons stars des r\u00e9seaux sociaux<\/p>\n<p class=\" wall-content\">Mais la simplicit\u00e9 ne se rapporte pas \u00e0 la carte, volontairement concise, mais \u00e9volutive. On y retrouve <strong>les incontournables<\/strong> du coffee shop\u2009: expresso, cappuccino, latte, th\u00e9\u2026<\/p>\n<blockquote class=\"tiktok-embed\" cite=\"https:\/\/www.tiktok.com\/@onzecoffeeshop\/video\/7511248839127452950\" data-video-id=\"7511248839127452950\" data-embed-from=\"oembed\" style=\"max-width:605px; min-width:325px;\"><p>\n<a target=\"_blank\" title=\"@onzecoffeeshop\" href=\"https:\/\/www.tiktok.com\/@onzecoffeeshop?refer=embed\" rel=\"noopener\">@onzecoffeeshop<\/a> <\/p>\n<p>Alors plut\u00f4t team Ube ou team Matcha?<a title=\"ube\" target=\"_blank\" href=\"https:\/\/www.tiktok.com\/tag\/ube?refer=embed\" rel=\"noopener\">#ube<\/a> <a title=\"matcha\" target=\"_blank\" href=\"https:\/\/www.tiktok.com\/tag\/matcha?refer=embed\" rel=\"noopener\">#matcha<\/a> <a title=\"coffeeshop\" target=\"_blank\" href=\"https:\/\/www.tiktok.com\/tag\/coffeeshop?refer=embed\" rel=\"noopener\">#coffeeshop<\/a> <a title=\"rouen\" target=\"_blank\" href=\"https:\/\/www.tiktok.com\/tag\/rouen?refer=embed\" rel=\"noopener\">#rouen<\/a> <\/p>\n<p> <a target=\"_blank\" title=\"\u266c Pretty (Sped Up) - MEYY\" href=\"https:\/\/www.tiktok.com\/music\/Pretty-Sped-Up-7212600172143085570?refer=embed\" rel=\"noopener\">\u266c Pretty (Sped Up) \u2013 MEYY<\/a> <\/p>\n<\/blockquote>\n<p>Vid\u00e9os : en ce moment sur Actu<\/p>\n<p class=\" wall-content\">Mais aussi des <a href=\"https:\/\/actu.fr\/normandie\/rouen_76540\/ube-latte-granola-a-rouen-elle-ouvre-habibi-un-cafe-pour-manger-beau-et-manger-sain_62493684.html\" target=\"_blank\" rel=\"noopener\">boissons tr\u00e8s en vogue sur les r\u00e9seaux sociaux<\/a>\u2009: <strong>le matcha<\/strong>, reconnaissable par sa couleur verte, et <strong>l\u2019ube<\/strong>, une boisson \u00e0 base d\u2019un tubercule violet, pris\u00e9 \u00e0 Paris, mais encore rare \u00e0 Rouen.<\/p>\n<p>Des produits in\u00e9dits sur Rouen<\/p>\n<p class=\" wall-content\">\u00c9lodie et Annabelle ne se reposent pas sur leurs lauriers. Elles proposent<strong> leurs propres cr\u00e9ations<\/strong>, comme l\u2019Ice Tonka Latte, une recette maison \u00ab\u2009que l\u2019on ne retrouve nulle part ailleurs \u00e0 Rouen\u2009\u00bb, insiste Annabelle. Leur Matcha Honey Lemon, une boisson \u00e0 base de miel, de jus de citron et de matcha, est aussi leur petit b\u00e9b\u00e9. \u00ab\u2009On essaye de se diff\u00e9rencier et d\u2019y mettre notre personnalit\u00e9. On apporte de nouvelles choses en partant de basiques\u2009\u00bb, expliquent les jeunes femmes.<\/p>\n<p>    <img   decoding=\"async\" loading=\"lazy\" src=\"https:\/\/www.europesays.com\/fr\/wp-content\/uploads\/2025\/06\/20250605-154326-960x640.jpg\" alt=\"Leur caf\u00e9 se veut minimaliste, mais original dans sa vari\u00e9t\u00e9 de boissons.\" width=\"960\" height=\"640\"\/><br \/>\n    Leur caf\u00e9 se veut minimaliste, mais original dans sa vari\u00e9t\u00e9 de boissons. (\u00a9JL\/76actu)<\/p>\n<p class=\" wall-content\">Pour elles, leur originalit\u00e9 se retrouve aussi<strong> dans la qualit\u00e9<\/strong>. Le caf\u00e9 provient du torr\u00e9facteur local Couleur Caf\u00e9 et <a href=\"https:\/\/actu.fr\/normandie\/rouen_76540\/a-rouen-amandine-a-plaque-son-boulot-pour-ouvrir-sa-patisserie-ambulante_62465561.html\" target=\"_blank\" rel=\"noopener\">les p\u00e2tisseries<\/a> sont faites maison, en local \u00e9galement, par Pastry Camille.<\/p>\n<p class=\" wall-content\">Pour l\u2019heure, Onze. Caf\u00e9 fonctionne en vente \u00e0 emporter uniquement, mais une terrasse ne saurait tarder.<\/p>\n<p><strong>Infos pratiques\u2009:<\/strong><br \/>\nOnze. Caf\u00e9, 117 rue Jeanne d\u2019Arc, \u00e0 Rouen.<br \/>\nOuvert du lundi au vendredi de 7h \u00e0 18h et le dimanche de 8h \u00e0 18h.<br \/>\nPlus d\u2019informations <a href=\"https:\/\/www.instagram.com\/onzecoffeeshop\/\" target=\"_blank\" rel=\"noopener\">sur Instagram<\/a> et <a href=\"https:\/\/www.tiktok.com\/@onzecoffeeshop\" target=\"_blank\" rel=\"noopener\">TikTok<\/a>\u2009: @onzecoffeeshopSuivez l\u2019actualit\u00e9 de Rouen <a href=\"https:\/\/www.whatsapp.com\/channel\/0029VaKfnf99hXF2ddApFB1D\" target=\"_blank\" rel=\"noopener\">sur notre cha\u00eene WhatsApp<\/a> et <a href=\"https:\/\/www.tiktok.com\/@76actu.fr?lang=fr\" target=\"_blank\" rel=\"noopener\">sur notre compte TikTok<\/a><\/p>\n<p class=\" wall-content\">Suivez toute l\u2019actualit\u00e9 de vos villes et m\u00e9dias favoris en vous inscrivant \u00e0 <a href=\"https:\/\/moncompte.actu.fr\" title=\"D\u00e9couvez Mon Actu\" rel=\"nofollow noopener\" data-trk=\"{&quot;cta&quot;:{&quot;action&quot;:&quot;https:\\\/\\\/moncompte.actu.fr&quot;,&quot;category&quot;:&quot;mon compte&quot;,&quot;from&quot;:&quot;article footer&quot;,&quot;name&quot;:&quot;Mon actu&quot;,&quot;type&quot;:&quot;cta&quot;}}\" target=\"_blank\">Mon Actu<\/a>.<\/p>\n<p>                    <script async src=\"\/\/www.instagram.com\/embed.js\"><\/script><script async src=\"\/\/www.tiktok.com\/embed.js\"><\/script><\/p>\n","protected":false},"excerpt":{"rendered":"Par Jessie Leclerc Publi\u00e9 le 7 juin 2025 \u00e0 9h20 Le 31\u00a0mai 2025 un nouveau coffee shop \u00e0&hellip;\n","protected":false},"author":2,"featured_media":158188,"comment_status":"","ping_status":"","sticky":false,"template":"","format":"standard","meta":{"footnotes":""},"categories":[9587],"tags":[1111,11,9086,1777,674,1011,27,24124,1652,12,5161,3147,25,9590],"class_list":{"0":"post-158187","1":"post","2":"type-post","3":"status-publish","4":"format-standard","5":"has-post-thumbnail","7":"category-rouen","8":"tag-actu","9":"tag-actualites","10":"tag-bon-plan-a-rouen","11":"tag-eu","12":"tag-europe","13":"tag-fr","14":"tag-france","15":"tag-gare-de-rouen","16":"tag-loisirs-culture","17":"tag-news","18":"tag-normandie","19":"tag-nouveaux-commerces","20":"tag-republique-francaise","21":"tag-rouen"},"share_on_mastodon":{"url":"https:\/\/pubeurope.com\/@fr\/114641688580417854","error":""},"_links":{"self":[{"href":"https:\/\/www.europesays.com\/fr\/wp-json\/wp\/v2\/posts\/158187","targetHints":{"allow":["GET"]}}],"collection":[{"href":"https:\/\/www.europesays.com\/fr\/wp-json\/wp\/v2\/posts"}],"about":[{"href":"https:\/\/www.europesays.com\/fr\/wp-json\/wp\/v2\/types\/post"}],"author":[{"embeddable":true,"href":"https:\/\/www.europesays.com\/fr\/wp-json\/wp\/v2\/users\/2"}],"replies":[{"embeddable":true,"href":"https:\/\/www.europesays.com\/fr\/wp-json\/wp\/v2\/comments?post=158187"}],"version-history":[{"count":0,"href":"https:\/\/www.europesays.com\/fr\/wp-json\/wp\/v2\/posts\/158187\/revisions"}],"wp:featuredmedia":[{"embeddable":true,"href":"https:\/\/www.europesays.com\/fr\/wp-json\/wp\/v2\/media\/158188"}],"wp:attachment":[{"href":"https:\/\/www.europesays.com\/fr\/wp-json\/wp\/v2\/media?parent=158187"}],"wp:term":[{"taxonomy":"category","embeddable":true,"href":"https:\/\/www.europesays.com\/fr\/wp-json\/wp\/v2\/categories?post=158187"},{"taxonomy":"post_tag","embeddable":true,"href":"https:\/\/www.europesays.com\/fr\/wp-json\/wp\/v2\/tags?post=158187"}],"curies":[{"name":"wp","href":"https:\/\/api.w.org\/{rel}","templated":true}]}}