{"id":158189,"date":"2025-06-07T10:48:11","date_gmt":"2025-06-07T10:48:11","guid":{"rendered":"https:\/\/www.europesays.com\/fr\/158189\/"},"modified":"2025-06-07T10:48:11","modified_gmt":"2025-06-07T10:48:11","slug":"une-greve-des-transports-a-grenoble-pour-la-fete-de-la-musique-2","status":"publish","type":"post","link":"https:\/\/www.europesays.com\/fr\/158189\/","title":{"rendered":"une gr\u00e8ve des transports \u00e0 Grenoble pour la F\u00eate de la Musique ?"},"content":{"rendered":"<p>\t\t\t\t\t\t\t\t\t\t\t<img loading=\"lazy\" decoding=\"async\" width=\"1110\" title=\"Les syndicats de M Tag en col\u00e8re : une gr\u00e8ve des transports \u00e0 Grenoble pour la F\u00eate de la Musique ?\" class=\"img-fluid not_lzld mb-3\" src=\"https:\/\/www.europesays.com\/fr\/wp-content\/uploads\/2025\/06\/1110x624_les-syndicats-de-m-tag-en-colere-une-greve-des-transports-a-grenoble-pour-la-fete-de-la-mus\" alt=\"Les syndicats de M Tag en col\u00e8re : une gr\u00e8ve des transports \u00e0 Grenoble pour la F\u00eate de la Musique ?\" itemprop=\"image\" height=\"624\"\/>\t\t\t\t\t\t\t\t\t\t\t\t<\/p>\n<p>Les syndicats de M Tag en col\u00e8re : une gr\u00e8ve des transports \u00e0 Grenoble pour la F\u00eate de la Musique ? &#8211; DR<\/p>\n<p itemprop=\"description\"><strong>En septembre prochain, le r\u00e9seau de transports de l&rsquo;agglom\u00e9ration de Grenoble sera r\u00e9organis\u00e9.<\/strong><\/p>\n<p>De quoi inqui\u00e9ter les syndicats de M Tag qui annoncent une gr\u00e8ve \u00e0 venir les 20 et 21 juin. La F\u00eate de la Musique souffrira-t-elle d&rsquo;une absence de transports \u00e0 Grenoble cette ann\u00e9e ?<\/p>\n<p>L&rsquo;ampleur du mouvement est encore difficile \u00e0 jauger, mais l&rsquo;appel \u00e0 la gr\u00e8ve a \u00e9t\u00e9 lanc\u00e9 \u00e0 destination de tous les agents.<\/p>\n<p>Selon les syndicats, la future organisation du r\u00e9seau M Tag promet une \u00ab\u00a0optimisation g\u00e9n\u00e9rale qui d\u00e9grade la qualit\u00e9 de service\u00a0\u00bb et va \u00ab\u00a0accro\u00eetre la cadence et la productivit\u00e9 au m\u00e9pris des conditions de travail et de la s\u00e9curit\u00e9\u00a0\u00bb.<\/p>\n<p>L&rsquo;intersyndicale entend faire reculer la direction et lui demande de reporter la r\u00e9forme programm\u00e9e pour la rentr\u00e9e.<\/p>\n<p>En cas de refus, la gr\u00e8ve des 20 et 21 juin sera une premi\u00e8re \u00e9tape. Avant un durcissement en septembre ?<\/p>\n","protected":false},"excerpt":{"rendered":"Les syndicats de M Tag en col\u00e8re : une gr\u00e8ve des transports \u00e0 Grenoble pour la F\u00eate de&hellip;\n","protected":false},"author":2,"featured_media":158190,"comment_status":"","ping_status":"","sticky":false,"template":"","format":"standard","meta":{"footnotes":""},"categories":[9566],"tags":[1111,11,7733,8279,2430,7736,650,7734,2889,2263,1777,674,1011,27,2731,8280,6417,1114,108,4662,12,3725,1825,25,7737],"class_list":{"0":"post-158189","1":"post","2":"type-post","3":"status-publish","4":"format-standard","5":"has-post-thumbnail","7":"category-grenoble","8":"tag-actu","9":"tag-actualites","10":"tag-alpes","11":"tag-alpes1","12":"tag-auvergne-rhone-alpes","13":"tag-cds","14":"tag-cinema","15":"tag-ecoute","16":"tag-emission","17":"tag-equipe","18":"tag-eu","19":"tag-europe","20":"tag-fr","21":"tag-france","22":"tag-grenoble","23":"tag-haute","24":"tag-information","25":"tag-infos","26":"tag-isere","27":"tag-journal","28":"tag-news","29":"tag-podcast","30":"tag-radio","31":"tag-republique-francaise","32":"tag-winamp"},"share_on_mastodon":{"url":"https:\/\/pubeurope.com\/@fr\/114641692594457499","error":""},"_links":{"self":[{"href":"https:\/\/www.europesays.com\/fr\/wp-json\/wp\/v2\/posts\/158189","targetHints":{"allow":["GET"]}}],"collection":[{"href":"https:\/\/www.europesays.com\/fr\/wp-json\/wp\/v2\/posts"}],"about":[{"href":"https:\/\/www.europesays.com\/fr\/wp-json\/wp\/v2\/types\/post"}],"author":[{"embeddable":true,"href":"https:\/\/www.europesays.com\/fr\/wp-json\/wp\/v2\/users\/2"}],"replies":[{"embeddable":true,"href":"https:\/\/www.europesays.com\/fr\/wp-json\/wp\/v2\/comments?post=158189"}],"version-history":[{"count":0,"href":"https:\/\/www.europesays.com\/fr\/wp-json\/wp\/v2\/posts\/158189\/revisions"}],"wp:featuredmedia":[{"embeddable":true,"href":"https:\/\/www.europesays.com\/fr\/wp-json\/wp\/v2\/media\/158190"}],"wp:attachment":[{"href":"https:\/\/www.europesays.com\/fr\/wp-json\/wp\/v2\/media?parent=158189"}],"wp:term":[{"taxonomy":"category","embeddable":true,"href":"https:\/\/www.europesays.com\/fr\/wp-json\/wp\/v2\/categories?post=158189"},{"taxonomy":"post_tag","embeddable":true,"href":"https:\/\/www.europesays.com\/fr\/wp-json\/wp\/v2\/tags?post=158189"}],"curies":[{"name":"wp","href":"https:\/\/api.w.org\/{rel}","templated":true}]}}