{"id":158199,"date":"2025-06-07T10:53:11","date_gmt":"2025-06-07T10:53:11","guid":{"rendered":"https:\/\/www.europesays.com\/fr\/158199\/"},"modified":"2025-06-07T10:53:11","modified_gmt":"2025-06-07T10:53:11","slug":"strasbourg-lex-siege-de-la-cour-regionale-des-comptes-transforme-en-57-logements-etudiants-2","status":"publish","type":"post","link":"https:\/\/www.europesays.com\/fr\/158199\/","title":{"rendered":"Strasbourg. L\u2019ex-si\u00e8ge de la Cour r\u00e9gionale des comptes transform\u00e9 en 57 logements \u00e9tudiants"},"content":{"rendered":"<p>Il est des r\u00e9habilitations qui n\u00e9cessitent un tour de table partenarial complexe pour voir le jour, a indiqu\u00e9 la maire de Strasbourg Jeanne Barseghian mardi 3\u00a0mai dernier sur <a href=\"https:\/\/www.dna.fr\/societe\/2022\/10\/11\/l-ancien-siege-de-la-chambre-des-comptes-va-se-transformer-en-logements-etudiants\" target=\"_blank\" rel=\"nofollow noopener\">le chantier finissant du 14 rue du Faubourg-de-Pierre<\/a>. C\u2019est le cas de la transformation de l\u2019ancien si\u00e8ge de la Chambre r\u00e9gionale des comptes. \u00c9l\u00e9gant immeuble de la fin du XIXe \u00a0si\u00e8cle, avec moulures au plafond, chemin\u00e9es en pierre de taille surmont\u00e9es de miroirs massifs, ce b\u00e2timent va abriter quelque 57 logements sociaux \u00e0 destination des \u00e9tudiants.<\/p>\n<p>Mais pas dans la partie noble de l\u2019immeuble, tr\u00e8s bien conserv\u00e9e quant \u00e0 elle, puisque des bureaux y seront install\u00e9s, ont pr\u00e9cis\u00e9 les architectes lors de la visite du site. C\u2019est dans la partie&#8230;<\/p>\n","protected":false},"excerpt":{"rendered":"Il est des r\u00e9habilitations qui n\u00e9cessitent un tour de table partenarial complexe pour voir le jour, a indiqu\u00e9&hellip;\n","protected":false},"author":2,"featured_media":158198,"comment_status":"","ping_status":"","sticky":false,"template":"","format":"standard","meta":{"footnotes":""},"categories":[2820],"tags":[1111,11,2880,1777,674,107,1011,27,775,1908,12,25,104,640,2879],"class_list":{"0":"post-158199","1":"post","2":"type-post","3":"status-publish","4":"format-standard","5":"has-post-thumbnail","7":"category-strasbourg","8":"tag-actu","9":"tag-actualites","10":"tag-edition-strasbourg","11":"tag-eu","12":"tag-europe","13":"tag-fil-info","14":"tag-fr","15":"tag-france","16":"tag-grand-est","17":"tag-logement","18":"tag-news","19":"tag-republique-francaise","20":"tag-societe","21":"tag-strasbourg","22":"tag-strasbourg-ville"},"share_on_mastodon":{"url":"https:\/\/pubeurope.com\/@fr\/114641712197800703","error":""},"_links":{"self":[{"href":"https:\/\/www.europesays.com\/fr\/wp-json\/wp\/v2\/posts\/158199","targetHints":{"allow":["GET"]}}],"collection":[{"href":"https:\/\/www.europesays.com\/fr\/wp-json\/wp\/v2\/posts"}],"about":[{"href":"https:\/\/www.europesays.com\/fr\/wp-json\/wp\/v2\/types\/post"}],"author":[{"embeddable":true,"href":"https:\/\/www.europesays.com\/fr\/wp-json\/wp\/v2\/users\/2"}],"replies":[{"embeddable":true,"href":"https:\/\/www.europesays.com\/fr\/wp-json\/wp\/v2\/comments?post=158199"}],"version-history":[{"count":0,"href":"https:\/\/www.europesays.com\/fr\/wp-json\/wp\/v2\/posts\/158199\/revisions"}],"wp:featuredmedia":[{"embeddable":true,"href":"https:\/\/www.europesays.com\/fr\/wp-json\/wp\/v2\/media\/158198"}],"wp:attachment":[{"href":"https:\/\/www.europesays.com\/fr\/wp-json\/wp\/v2\/media?parent=158199"}],"wp:term":[{"taxonomy":"category","embeddable":true,"href":"https:\/\/www.europesays.com\/fr\/wp-json\/wp\/v2\/categories?post=158199"},{"taxonomy":"post_tag","embeddable":true,"href":"https:\/\/www.europesays.com\/fr\/wp-json\/wp\/v2\/tags?post=158199"}],"curies":[{"name":"wp","href":"https:\/\/api.w.org\/{rel}","templated":true}]}}