{"id":158200,"date":"2025-06-07T10:54:10","date_gmt":"2025-06-07T10:54:10","guid":{"rendered":"https:\/\/www.europesays.com\/fr\/158200\/"},"modified":"2025-06-07T10:54:10","modified_gmt":"2025-06-07T10:54:10","slug":"80-ans-de-nice-matin-la-mysterieuse-affaire-du-bavastro-disparu","status":"publish","type":"post","link":"https:\/\/www.europesays.com\/fr\/158200\/","title":{"rendered":"80 ans de \u00ab\u00a0Nice-Matin\u00a0\u00bb : La myst\u00e9rieuse affaire du \u00ab\u00a0Bavastro\u00a0\u00bb disparu"},"content":{"rendered":"<p>\u00ab\u00a0Bonjour, je repr\u00e9sente les ayants droit de Raymond Moretti. Auriez-vous un instant \u00e0 m\u2019accorder\u2005?\u00a0\u00bb<\/p>\n<p>Au bout du fil, la voix articule un r\u00e9cit \u00e9tonnant. Une histoire \u00e0 trous. \u00ab\u00a0Il y a plusieurs d\u00e9cennies, des collaborateurs de Nice-Matin ont sollicit\u00e9 le peintre pour r\u00e9aliser un portrait de leur p.-d.g., Michel Bavastro. Ils souhaitaient lui en faire cadeau. Mais, pour une raison ind\u00e9termin\u00e9e, ils ont annul\u00e9 leur commande et l\u2019\u0153uvre n\u2019a jamais \u00e9t\u00e9 termin\u00e9e.\u00a0\u00bb<\/p>\n<p>L\u2019huile sur toile (100 x 80 cm) est rest\u00e9e dans le fonds familial. Marie-France Moretti, la veuve du peintre, l\u2019a pr\u00eat\u00e9e pour diverses expositions. Avant de d\u00e9cider, en avril 2025, d\u2019en faire don au journal qui a toujours soutenu son \u00e9poux.<\/p>\n<p>C\u2019est dans nos colonnes, en effet, qu\u2019est paru le premier papier sur le cr\u00e9ateur azur\u00e9en. Moretti \u00e9tait alors apprenti boulanger \u00e0 Nice. Le gar\u00e7on de 16 ans avait peint, sur un drap subtilis\u00e9 \u00e0 sa m\u00e8re, un Mo\u00efse\u2026 bient\u00f4t achet\u00e9 par le Mus\u00e9e des Beaux-Arts de J\u00e9rusalem.<\/p>\n<p>Bluff\u00e9 par le talent de cet adolescent, le journaliste Mario Brun n\u2019avait pas l\u00e9sin\u00e9 sur les superlatifs\u2005: \u00ab\u00a0Le nouveau Michel-Ange est un jeune Fran\u00e7ais\u2005!\u00a0\u00bb<\/p>\n<p>Nice-Matin, d\u00e8s lors, a suivi pas \u00e0 pas la carri\u00e8re m\u00e9t\u00e9orique du Ni\u00e7ois, qui l\u2019a conduit de la Tour de la D\u00e9fense \u00e0 Paris au Capitole de Toulouse, en passant par la grande synagogue de J\u00e9rusalem.<\/p>\n<p>\u00ab\u00a0Je n\u2019avais pas les moyens de mettre au pot pour mon patron\u00a0\u00bb<\/p>\n<p>Autour de ce portrait de Michel Bavastro, plusieurs questions demeurent\u2005: \u00e0 quelle \u00e9poque a-t-il \u00e9t\u00e9 peint\u2005? Qui l\u2019a command\u00e9\u2005? A quelle occasion\u2005?<\/p>\n<p>Sur le premier point, les traits du sujet sugg\u00e8rent que le tableau a \u00e9t\u00e9 r\u00e9alis\u00e9 dans les ann\u00e9es soixante ou soixante-dix. Sur les commanditaires, Marie-France Moretti l\u00e2che les noms de quatre journalistes\u2005: Mario Brun, Charlie Buchet, Andr\u00e9 Lucchesi et Maurice Huleu.<\/p>\n<p>Les trois premiers sont d\u00e9c\u00e9d\u00e9s. Le quatri\u00e8me n\u2019a gard\u00e9 aucun souvenir de cet \u00e9pisode.<\/p>\n<p>\u00ab\u00a0C\u2019est tout de m\u00eame tr\u00e8s surprenant, glisse l\u2019ancien grand reporter. \u00c0 l\u2019\u00e9poque, je n\u2019avais pas les moyens de mettre au pot pour faire un cadeau au patron\u2005! En supposant que Moretti, qui \u00e9tait un ami, ait song\u00e9 \u00e0 se faire r\u00e9mun\u00e9rer pour ce travail \u2013 ce dont je doute sinc\u00e8rement. J\u2019ai c\u00f4toy\u00e9 Raymond jusqu\u2019\u00e0 son d\u00e9c\u00e8s [le 2 juin 2005, Ndlr]\u2005: il ne m\u2019a jamais parl\u00e9 de cette affaire.\u00a0\u00bb<\/p>\n<p>On n\u2019en saura probablement jamais davantage. La toile, inachev\u00e9e, n\u2019a \u00e9t\u00e9 ni sign\u00e9e ni dat\u00e9e. Ceux qui l\u2019ont vue ont \u00e9t\u00e9 frapp\u00e9s par le regard hyperr\u00e9aliste de celui que ses employ\u00e9s surnommaient le Cobra\u2005: \u00ab\u00a0Un peu comme s\u2019il \u00e9tait toujours l\u00e0 pour nous surveiller\u2026\u00a0\u00bb<\/p>\n<p>              <img ci-src=\"https:\/\/www.nicematin.com\/histoire\/Portrait+Michel+Bavastro+par+Raymond+Moretti-mkqzrndm.JPG?ci_seal=f15c7e891c\" alt=\"\"\/><br \/>\n        Cette toile inachev\u00e9e de Raymond Moretti repr\u00e9sente le patron historique de \u00ab\u00a0Nice-Matin\u00a0\u00bb, Michel Bavastro. <strong>Repro Frantz Bouton.<\/strong> <\/p>\n","protected":false},"excerpt":{"rendered":"\u00ab\u00a0Bonjour, je repr\u00e9sente les ayants droit de Raymond Moretti. Auriez-vous un instant \u00e0 m\u2019accorder\u2005?\u00a0\u00bb Au bout du fil,&hellip;\n","protected":false},"author":2,"featured_media":158201,"comment_status":"","ping_status":"","sticky":false,"template":"","format":"standard","meta":{"footnotes":""},"categories":[2819],"tags":[1111,11,8981,1777,674,1011,27,937,500,12,2401,882,25],"class_list":{"0":"post-158200","1":"post","2":"type-post","3":"status-publish","4":"format-standard","5":"has-post-thumbnail","7":"category-nice","8":"tag-actu","9":"tag-actualites","10":"tag-arts-plastiques","11":"tag-eu","12":"tag-europe","13":"tag-fr","14":"tag-france","15":"tag-histoire","16":"tag-medias","17":"tag-news","18":"tag-nice","19":"tag-provence-alpes-cote-dazur","20":"tag-republique-francaise"},"share_on_mastodon":{"url":"https:\/\/pubeurope.com\/@fr\/114641716188246101","error":""},"_links":{"self":[{"href":"https:\/\/www.europesays.com\/fr\/wp-json\/wp\/v2\/posts\/158200","targetHints":{"allow":["GET"]}}],"collection":[{"href":"https:\/\/www.europesays.com\/fr\/wp-json\/wp\/v2\/posts"}],"about":[{"href":"https:\/\/www.europesays.com\/fr\/wp-json\/wp\/v2\/types\/post"}],"author":[{"embeddable":true,"href":"https:\/\/www.europesays.com\/fr\/wp-json\/wp\/v2\/users\/2"}],"replies":[{"embeddable":true,"href":"https:\/\/www.europesays.com\/fr\/wp-json\/wp\/v2\/comments?post=158200"}],"version-history":[{"count":0,"href":"https:\/\/www.europesays.com\/fr\/wp-json\/wp\/v2\/posts\/158200\/revisions"}],"wp:featuredmedia":[{"embeddable":true,"href":"https:\/\/www.europesays.com\/fr\/wp-json\/wp\/v2\/media\/158201"}],"wp:attachment":[{"href":"https:\/\/www.europesays.com\/fr\/wp-json\/wp\/v2\/media?parent=158200"}],"wp:term":[{"taxonomy":"category","embeddable":true,"href":"https:\/\/www.europesays.com\/fr\/wp-json\/wp\/v2\/categories?post=158200"},{"taxonomy":"post_tag","embeddable":true,"href":"https:\/\/www.europesays.com\/fr\/wp-json\/wp\/v2\/tags?post=158200"}],"curies":[{"name":"wp","href":"https:\/\/api.w.org\/{rel}","templated":true}]}}