{"id":158204,"date":"2025-06-07T10:56:09","date_gmt":"2025-06-07T10:56:09","guid":{"rendered":"https:\/\/www.europesays.com\/fr\/158204\/"},"modified":"2025-06-07T10:56:09","modified_gmt":"2025-06-07T10:56:09","slug":"avant-le-retour-de-la-chaleur-les-pataugeoires-rouvrent-en-ville","status":"publish","type":"post","link":"https:\/\/www.europesays.com\/fr\/158204\/","title":{"rendered":"avant le retour de la chaleur, les pataugeoires rouvrent en ville"},"content":{"rendered":"<p>            Par<br \/>\n        <strong><br \/>\n            <a href=\"https:\/\/actu.fr\/auteur\/tristan-mahe-actu-fr\" title=\"Consulter tous les articles de Tristan Mah\u00e9\" rel=\"nofollow noopener\" target=\"_blank\">Tristan Mah\u00e9<\/a><br \/>\n        <\/strong><\/p>\n<p>        Publi\u00e9 le<\/p>\n<p>            7 juin 2025 \u00e0 12h32        <\/p>\n<p>Pour le plus grand plaisir des enfants, de nombreuses pataugeoires seront de nouveau accessibles pour l\u2019\u00e9t\u00e9, <strong>d\u00e8s ce samedi 7\u00a0juin, et jusqu\u2019au 7\u00a0septembre 2025<\/strong>. Ces espaces d\u2019eau, profonds d\u2019une quarantaine de centim\u00e8tres au maximum, sont gratuits pour tout le monde, et accessibles<strong> 24h\/24 et 7j\/7<\/strong>.<\/p>\n<p class=\" wall-content\">En plus des fontaines Feydeau et du miroir d\u2019eau de Bouffay, ouverts toute l\u2019ann\u00e9e, 17 autres pataugeoires et une aire de jeux d\u2019eau seront ouvertes. La pr\u00e9sence d\u2019un adulte accompagnateur est <strong>obligatoire pour les enfants de moins de 12\u00a0ans<\/strong>.<\/p>\n<p>La liste des espaces d\u2019eau<\/p>\n<p class=\" wall-content\">Voici la liste des espaces d\u2019eau qui seront \u00e0 nouveau utilisables \u00e0 compter de ce samedi 7\u00a0juin\u2009: Bout-des-Pav\u00e9s, Ch\u00eane des Anglais, Petite Sensive, Boissi\u00e8re, Square de la Halv\u00eaque, Port Boyer, Parc du Plessis-Tison, Jardin d\u2019enfants de Proc\u00e9, Croix Bonneau, Square Jean le Gigant, Jardin des Plantes, Parc de la No\u00e9 Mitrie, Malakoff, Place de la Basse Mar, Jeux d\u2019eau Clos Toreau.<\/p>\n<p class=\" wall-content\">Cependant, certains espaces sont en r\u00e9novation pour une partie de l\u2019\u00e9t\u00e9, dans un objectif de modernisation et de r\u00e9ponse aux enjeux environnementaux, selon un communiqu\u00e9 de <a href=\"https:\/\/metropole.nantes.fr\/\" rel=\"nofollow noopener\" target=\"_blank\">la Ville de Nantes<\/a> transmis \u00e0 <a href=\"https:\/\/actu.fr\/nantes\" rel=\"nofollow noopener\" target=\"_blank\">actu Nantes.<\/a><\/p>\n<p class=\" wall-content\">Parmi ces <strong>espaces \u00e0 r\u00e9nover<\/strong>, on retrouve le <strong>bassin du Breil,<\/strong> dont la r\u00e9ouverture est pr\u00e9vue pour la <strong>semaine du 16\u00a0juin<\/strong>, avec des assises et des espaces de repos.<\/p>\n<p>Vid\u00e9os : en ce moment sur Actu<\/p>\n<p class=\" wall-content\">\u00c0 la Botti\u00e8re, ce sont<strong> deux fontaines ludiques<\/strong> en circuit ferm\u00e9 qui sont concern\u00e9es. Le bassin du square Grande Garenne proposera <strong>\u00e0 partir du 27\u00a0juin<\/strong> une nouvelle configuration<br \/>int\u00e9grant des am\u00e9nagements paysagers. Le bassin de la Grande Noue sera quant \u00e0 lui enti\u00e8rement reconstruit \u00e0 partir de la rentr\u00e9e scolaire. Ces deux espaces proposeront des aires de jeux, des espaces de d\u00e9tente, et des endroits v\u00e9g\u00e9talis\u00e9s suppl\u00e9mentaires.<\/p>\n<p class=\" wall-content\">Et maintenant, \u00e0 vos lunettes de soleil\u2009!<\/p>\n<p class=\" wall-content\">Suivez toute l\u2019actualit\u00e9 de vos villes et m\u00e9dias favoris en vous inscrivant \u00e0 <a href=\"https:\/\/moncompte.actu.fr\" title=\"D\u00e9couvez Mon Actu\" rel=\"nofollow noopener\" data-trk=\"{&quot;cta&quot;:{&quot;action&quot;:&quot;https:\\\/\\\/moncompte.actu.fr&quot;,&quot;category&quot;:&quot;mon compte&quot;,&quot;from&quot;:&quot;article footer&quot;,&quot;name&quot;:&quot;Mon actu&quot;,&quot;type&quot;:&quot;cta&quot;}}\" target=\"_blank\">Mon Actu<\/a>.<\/p>\n","protected":false},"excerpt":{"rendered":"Par Tristan Mah\u00e9 Publi\u00e9 le 7 juin 2025 \u00e0 12h32 Pour le plus grand plaisir des enfants, de&hellip;\n","protected":false},"author":2,"featured_media":59665,"comment_status":"","ping_status":"","sticky":false,"template":"","format":"standard","meta":{"footnotes":""},"categories":[2818],"tags":[1111,11,1719,1777,674,1011,27,1652,766,12,2636,25],"class_list":{"0":"post-158204","1":"post","2":"type-post","3":"status-publish","4":"format-standard","5":"has-post-thumbnail","7":"category-nantes","8":"tag-actu","9":"tag-actualites","10":"tag-enfants","11":"tag-eu","12":"tag-europe","13":"tag-fr","14":"tag-france","15":"tag-loisirs-culture","16":"tag-nantes","17":"tag-news","18":"tag-pays-de-la-loire","19":"tag-republique-francaise"},"share_on_mastodon":{"url":"https:\/\/pubeurope.com\/@fr\/114641724043307619","error":""},"_links":{"self":[{"href":"https:\/\/www.europesays.com\/fr\/wp-json\/wp\/v2\/posts\/158204","targetHints":{"allow":["GET"]}}],"collection":[{"href":"https:\/\/www.europesays.com\/fr\/wp-json\/wp\/v2\/posts"}],"about":[{"href":"https:\/\/www.europesays.com\/fr\/wp-json\/wp\/v2\/types\/post"}],"author":[{"embeddable":true,"href":"https:\/\/www.europesays.com\/fr\/wp-json\/wp\/v2\/users\/2"}],"replies":[{"embeddable":true,"href":"https:\/\/www.europesays.com\/fr\/wp-json\/wp\/v2\/comments?post=158204"}],"version-history":[{"count":0,"href":"https:\/\/www.europesays.com\/fr\/wp-json\/wp\/v2\/posts\/158204\/revisions"}],"wp:featuredmedia":[{"embeddable":true,"href":"https:\/\/www.europesays.com\/fr\/wp-json\/wp\/v2\/media\/59665"}],"wp:attachment":[{"href":"https:\/\/www.europesays.com\/fr\/wp-json\/wp\/v2\/media?parent=158204"}],"wp:term":[{"taxonomy":"category","embeddable":true,"href":"https:\/\/www.europesays.com\/fr\/wp-json\/wp\/v2\/categories?post=158204"},{"taxonomy":"post_tag","embeddable":true,"href":"https:\/\/www.europesays.com\/fr\/wp-json\/wp\/v2\/tags?post=158204"}],"curies":[{"name":"wp","href":"https:\/\/api.w.org\/{rel}","templated":true}]}}