{"id":158211,"date":"2025-06-07T11:00:13","date_gmt":"2025-06-07T11:00:13","guid":{"rendered":"https:\/\/www.europesays.com\/fr\/158211\/"},"modified":"2025-06-07T11:00:13","modified_gmt":"2025-06-07T11:00:13","slug":"toulouse-lautomobiliste-percute-la-police-qui-fait-plusieurs-tonneaux-trois-blesses","status":"publish","type":"post","link":"https:\/\/www.europesays.com\/fr\/158211\/","title":{"rendered":"Toulouse. L&rsquo;automobiliste percute la police, qui fait plusieurs tonneaux : trois bless\u00e9s"},"content":{"rendered":"<p>            Par<br \/>\n        <strong><br \/>\n            <a href=\"https:\/\/actu.fr\/auteur\/guillaume-laurens\" title=\"Consulter tous les articles de Guillaume Laurens\" rel=\"nofollow noopener\" target=\"_blank\">Guillaume Laurens<\/a><br \/>\n        <\/strong><\/p>\n<p>        Publi\u00e9 le<\/p>\n<p>            7 juin 2025 \u00e0 12h24        <\/p>\n<p><strong>Trois policiers<\/strong> ont \u00e9t\u00e9 bless\u00e9s, vendredi 6\u00a0juin 2025, dans un <strong>spectaculaire accident<\/strong> survenu d\u2019apr\u00e8s nos informations \u00e0 proximit\u00e9 du rond-point Firmin Pons, sur l\u2019avenue du g\u00e9n\u00e9ral Eisenhower, \u00e0 l\u2019est de <strong><a href=\"https:\/\/actu.fr\/toulouse\/\" rel=\"nofollow noopener\" target=\"_blank\">Toulouse<\/a><\/strong>. Ce que l\u2019on sait.<\/p>\n<p>La voiture de police fait plusieurs tonneaux<\/p>\n<p class=\" wall-content\">\u00ab\u2009Ils ont \u00e9t\u00e9 <strong>percut\u00e9s par l\u2019arri\u00e8re<\/strong> par un v\u00e9hicule circulant \u00e0 vive allure\u2009\u00bb, confie une source proche du dossier, pr\u00e9cisant qu\u2019il ne s\u2019agissait pas d\u2019un refus d\u2019obtemp\u00e9rer.<\/p>\n<p class=\" wall-content\">Reste que la voiture de l\u2019\u00e9quipage police secours a effectu\u00e9 <strong>plusieurs tonneaux,<\/strong> avant de finir sa course \u00e0 cheval sur une glissi\u00e8re de s\u00e9curit\u00e9 en b\u00e9ton.<\/p>\n<p>Trois bless\u00e9s, dont un qui souffre de plusieurs fractures<\/p>\n<p class=\" wall-content\"><strong>Trois fonctionnaires <\/strong>ont \u00e9t\u00e9 <strong>bless\u00e9s<\/strong> dans cet accident. Tous ont \u00e9t\u00e9 transport\u00e9s \u00e0 l\u2019H\u00f4pital Purpan pour des examens, mais leurs blessures ne suscitaient <strong>pas d\u2019inqui\u00e9tude<\/strong>, confirme la police nationale.<\/p>\n<p class=\" wall-content\">Une polici\u00e8re souffre de <strong>fractures du nez<\/strong> et de <strong>la pommette<\/strong>. Ses deux coll\u00e8gues de dermabrasions, ainsi que de diverses douleurs et blessures.<\/p>\n<p><a class=\"jo-module-caroussel__img-container\" href=\"https:\/\/static.actu.fr\/uploads\/2025\/06\/policiers-blesses-toulouse-2.jpg\" title=\"Agrandir la photo Parmi les trois policiers touch\u00e9s, une fonctionnaire a \u00e9t\u00e9 bless\u00e9e \u00e0 la main dans l\u2019accident (\u00a9 Alliance Police Nationale 31)\" data-idx=\"1\" rel=\"nofollow noopener\" target=\"_blank\"><br \/>\n    <img decoding=\"async\" class=\"jo-module-caroussel__img\" loading=\"lazy\" src=\"https:\/\/www.europesays.com\/fr\/wp-content\/uploads\/2025\/06\/policiers-blesses-toulouse-2-640x427.jpg\" alt=\"Parmi les trois policiers touch\u00e9s, une fonctionnaire a \u00e9t\u00e9 bless\u00e9e \u00e0 la main dans l\u2019accident (\u00a9 Alliance Police Nationale 31)\" width=\"640\" height=\"427\"\/><\/a><a class=\"jo-module-caroussel__img-container\" href=\"https:\/\/static.actu.fr\/uploads\/2025\/06\/accident-policiers-toulouse-2.jpg\" title=\"Agrandir la photo La police s\u2019est retrouv\u00e9e en f\u00e2cheuse posture apr\u00e8s cette collision sur le boulevard Eisenhower (\u00a9 Alliance Police Nationale 31)\" data-idx=\"2\" rel=\"nofollow noopener\" target=\"_blank\"><br \/>\n    <img decoding=\"async\" class=\"jo-module-caroussel__img\" loading=\"lazy\" src=\"https:\/\/www.europesays.com\/fr\/wp-content\/uploads\/2025\/06\/accident-policiers-toulouse-2-640x427.jpg\" alt=\"La police s\u2019est retrouv\u00e9e en f\u00e2cheuse posture apr\u00e8s cette collision sur le boulevard Eisenhower (\u00a9 Alliance Police Nationale 31)\" width=\"640\" height=\"427\"\/><\/a>Un \u00ab\u2009choc particuli\u00e8rement violent\u2009\u00bb selon le syndicat Alliance<\/p>\n<p class=\" wall-content\">\u00ab\u2009Lors d\u2019une intervention, nos coll\u00e8gues de l\u2019unit\u00e9 police secours de jour ont \u00e9t\u00e9 violemment percut\u00e9s par [une] automobiliste\u2009\u00bb, a de son c\u00f4t\u00e9 avanc\u00e9<a href=\"https:\/\/www.facebook.com\/permalink.php?story_fbid=pfbid037vNgbw1jAfmA4wbhsmcj2aEZySd8vrDKXagft4t7tm5ePrQuQ9NQKri5TjGUqUYHl&amp;id=100064654124933\" rel=\"nofollow noopener\" target=\"_blank\"> le syndicat <strong>Alliance Police Nationale 31, <\/strong><\/a>images \u00e0 l\u2019appui.<\/p>\n<blockquote class=\"ac-article-quote wall-content\">\n<p>Malgr\u00e9 l\u2019usage du gyrophare et du deux-tons, [la conductrice] ne les a ni vus ni entendus. Le choc a \u00e9t\u00e9 particuli\u00e8rement violent.<\/p>\n<p>    <strong>Alliance Police Nationale 31<\/strong>\n            <\/p><\/blockquote>\n<p class=\" wall-content\">Le syndicat adresse ses v\u0153ux de \u00ab\u2009prompt r\u00e9tablissement\u2009\u00bb aux trois policiers impliqu\u00e9s.<\/p>\n<p>L\u2019automobiliste choqu\u00e9e, mais pas bless\u00e9e<\/p>\n<p class=\" wall-content\">Quant \u00e0 l\u2019automobiliste qui a percut\u00e9 les forces de l\u2019ordre, elle est <strong>choqu\u00e9e, mais pas bless\u00e9e<\/strong>. Elle a indiqu\u00e9 ne pas avoir vu le v\u00e9hicule de police.<\/p>\n<p class=\" wall-content\">Suivez toute l\u2019actualit\u00e9 de vos villes et m\u00e9dias favoris en vous inscrivant \u00e0 <a href=\"https:\/\/moncompte.actu.fr\" title=\"D\u00e9couvez Mon Actu\" rel=\"nofollow noopener\" data-trk=\"{&quot;cta&quot;:{&quot;action&quot;:&quot;https:\\\/\\\/moncompte.actu.fr&quot;,&quot;category&quot;:&quot;mon compte&quot;,&quot;from&quot;:&quot;article footer&quot;,&quot;name&quot;:&quot;Mon actu&quot;,&quot;type&quot;:&quot;cta&quot;}}\" target=\"_blank\">Mon Actu<\/a>.<\/p>\n","protected":false},"excerpt":{"rendered":"Par Guillaume Laurens Publi\u00e9 le 7 juin 2025 \u00e0 12h24 Trois policiers ont \u00e9t\u00e9 bless\u00e9s, vendredi 6\u00a0juin 2025,&hellip;\n","protected":false},"author":2,"featured_media":158212,"comment_status":"","ping_status":"","sticky":false,"template":"","format":"standard","meta":{"footnotes":""},"categories":[2816],"tags":[119,1111,11,1777,674,118,1011,27,12,2680,1072,25,2312],"class_list":{"0":"post-158211","1":"post","2":"type-post","3":"status-publish","4":"format-standard","5":"has-post-thumbnail","7":"category-toulouse","8":"tag-accident","9":"tag-actu","10":"tag-actualites","11":"tag-eu","12":"tag-europe","13":"tag-faits-divers","14":"tag-fr","15":"tag-france","16":"tag-news","17":"tag-occitanie","18":"tag-police","19":"tag-republique-francaise","20":"tag-toulouse"},"share_on_mastodon":{"url":"https:\/\/pubeurope.com\/@fr\/114641739838416848","error":""},"_links":{"self":[{"href":"https:\/\/www.europesays.com\/fr\/wp-json\/wp\/v2\/posts\/158211","targetHints":{"allow":["GET"]}}],"collection":[{"href":"https:\/\/www.europesays.com\/fr\/wp-json\/wp\/v2\/posts"}],"about":[{"href":"https:\/\/www.europesays.com\/fr\/wp-json\/wp\/v2\/types\/post"}],"author":[{"embeddable":true,"href":"https:\/\/www.europesays.com\/fr\/wp-json\/wp\/v2\/users\/2"}],"replies":[{"embeddable":true,"href":"https:\/\/www.europesays.com\/fr\/wp-json\/wp\/v2\/comments?post=158211"}],"version-history":[{"count":0,"href":"https:\/\/www.europesays.com\/fr\/wp-json\/wp\/v2\/posts\/158211\/revisions"}],"wp:featuredmedia":[{"embeddable":true,"href":"https:\/\/www.europesays.com\/fr\/wp-json\/wp\/v2\/media\/158212"}],"wp:attachment":[{"href":"https:\/\/www.europesays.com\/fr\/wp-json\/wp\/v2\/media?parent=158211"}],"wp:term":[{"taxonomy":"category","embeddable":true,"href":"https:\/\/www.europesays.com\/fr\/wp-json\/wp\/v2\/categories?post=158211"},{"taxonomy":"post_tag","embeddable":true,"href":"https:\/\/www.europesays.com\/fr\/wp-json\/wp\/v2\/tags?post=158211"}],"curies":[{"name":"wp","href":"https:\/\/api.w.org\/{rel}","templated":true}]}}