{"id":158213,"date":"2025-06-07T11:01:15","date_gmt":"2025-06-07T11:01:15","guid":{"rendered":"https:\/\/www.europesays.com\/fr\/158213\/"},"modified":"2025-06-07T11:01:15","modified_gmt":"2025-06-07T11:01:15","slug":"toulouse-15-000-personnes-attendues-pour-une-messe-geante-digne-dune-ceremonie-a-lamericaine","status":"publish","type":"post","link":"https:\/\/www.europesays.com\/fr\/158213\/","title":{"rendered":"Toulouse. 15 000 personnes attendues pour une messe g\u00e9ante, digne d&rsquo;une c\u00e9r\u00e9monie \u00e0 l&rsquo;am\u00e9ricaine"},"content":{"rendered":"<p>            Par<br \/>\n        <strong><br \/>\n            <a href=\"https:\/\/actu.fr\/auteur\/ancelin-emeryhenriot\" title=\"Consulter tous les articles de Ancelin Emery-Henriot\" target=\"_blank\" rel=\"noopener\">Ancelin Emery-Henriot<\/a><br \/>\n        <\/strong><\/p>\n<p>        Publi\u00e9 le<\/p>\n<p>            7 juin 2025 \u00e0 12h02        <\/p>\n<p>\u201c\u00c7a va vraiment marquer les esprits.\u201d <strong>Anne Antimi<\/strong>, l\u2019une des accompagnantes des 1000 personnes qui recevront leur sacrement de la confirmation ce dimanche, annonce la couleur. Le<strong> dimanche de la Pentec\u00f4te<\/strong> fera dans <strong>la d\u00e9mesure<\/strong> \u00e0 Toulouse. Presque \u00e0 l\u2019am\u00e9ricaine\u2009!<\/p>\n<p class=\" wall-content\">En effet, le dioc\u00e8se de la Ville rose accueillera pr\u00e8s de <strong>15\u2009000 croyants<\/strong>, invit\u00e9s par Monseigneur de Kerimel pour une messe. L\u2019organisation pr\u00e9cise que c\u2019est la premi\u00e8re fois qu\u2019un \u00e9v\u00e9nement d\u2019une telle ampleur va avoir lieu \u00e0 <a href=\"http:\/\/www.actu.fr\/toulouse\" target=\"_blank\" rel=\"noopener\">Toulouse<\/a>. La derni\u00e8re tr\u00e8s grande messe avait eu lieu il y a 20\u00a0ans, elle n\u2019a rassembl\u00e9 que 2\u2009000\u00a0personnes. Celle du 8\u00a0juin 2025 aura lieu au <strong>MEETT<\/strong>. Elle se fera en pr\u00e9sence de <strong>150 pr\u00eatres, diacres, religieux et religieuses<\/strong> pour accompagner dans la pri\u00e8re.<\/p>\n<p>Ann\u00e9e jubilaire<\/p>\n<p class=\" wall-content\">Lors de cette journ\u00e9e, \u201ct\u00e9moignages bouleversants, conf\u00e9rences inspirantes, louange et temps de pri\u00e8re, concerts festifs, <strong>temps fraternels<\/strong>, messe de Pentec\u00f4te et confirmations\u201d, seront de la partie. Des animations, enseignements et jeux rythmeront la journ\u00e9e des <strong>1\u2009500\u00a0enfants et jeunes<\/strong> attendus. L\u2019objectif\u2009: faire vivre \u201cl\u2019exp\u00e9rience de <strong>l\u2019\u00c9glise universelle<\/strong>\u201d \u00e0 toutes et tous, ce jour-l\u00e0.<\/p>\n<p class=\" wall-content\">Car cette Pentec\u00f4te et son lundi seront sp\u00e9ciaux pour les fid\u00e8les. En effet, 2025 est une <strong>ann\u00e9e jubilaire.<\/strong> Elle qui a lieu tous les 25\u00a0ans, ou sur d\u00e9cision exceptionnelle du Pape, \u201cest une invitation \u00e0 mieux <strong>vivre l\u2019essentiel<\/strong> et \u00e0 nous tourner davantage <strong>vers Dieu<\/strong>\u201d, selon le site de l\u2019\u00c9glise catholique en France. Ou vers un \u00e9v\u00e9nement \u00e0 en d\u00e9passer les fronti\u00e8res\u2026<\/p>\n<p><strong>Infos Pratiques<\/strong><br \/>Messe de la Pentec\u00f4te, dimanche 8\u00a0juin 2025<br \/>\u00c9v\u00e9nement ouvert \u00e0 tous de 9\u2009h \u00e0 17\u2009h<br \/>MEETT, Avenue Concorde \u00e0 Aussonne<\/p>\n<p>Vid\u00e9os : en ce moment sur Actu<\/p>\n<p class=\" wall-content\">Suivez toute l\u2019actualit\u00e9 de vos villes et m\u00e9dias favoris en vous inscrivant \u00e0 <a href=\"https:\/\/moncompte.actu.fr\" title=\"D\u00e9couvez Mon Actu\" rel=\"nofollow noopener\" data-trk=\"{&quot;cta&quot;:{&quot;action&quot;:&quot;https:\\\/\\\/moncompte.actu.fr&quot;,&quot;category&quot;:&quot;mon compte&quot;,&quot;from&quot;:&quot;article footer&quot;,&quot;name&quot;:&quot;Mon actu&quot;,&quot;type&quot;:&quot;cta&quot;}}\" target=\"_blank\">Mon Actu<\/a>.<\/p>\n<ul class=\"ac-article-tag wall-content\">\n<li><a href=\"https:\/\/actu.fr\/tag\/parc-des-expositions-de-toulouse\" data-trk=\"{&quot;cta&quot;:{&quot;action&quot;:&quot;Parc des Expositions de Toulouse&quot;,&quot;category&quot;:&quot;tag&quot;,&quot;from&quot;:&quot;article footer&quot;,&quot;name&quot;:&quot;Parc des Expositions de Toulouse&quot;,&quot;type&quot;:&quot;cta&quot;}}\" target=\"_blank\" rel=\"noopener\">#Parc des Expositions de Toulouse<\/a><\/li>\n<li><a href=\"https:\/\/actu.fr\/tag\/religion\" data-trk=\"{&quot;cta&quot;:{&quot;action&quot;:&quot;Religion&quot;,&quot;category&quot;:&quot;tag&quot;,&quot;from&quot;:&quot;article footer&quot;,&quot;name&quot;:&quot;Religion&quot;,&quot;type&quot;:&quot;cta&quot;}}\" target=\"_blank\" rel=\"noopener\">#Religion<\/a><\/li>\n<\/ul>\n","protected":false},"excerpt":{"rendered":"Par Ancelin Emery-Henriot Publi\u00e9 le 7 juin 2025 \u00e0 12h02 \u201c\u00c7a va vraiment marquer les esprits.\u201d Anne Antimi,&hellip;\n","protected":false},"author":2,"featured_media":158214,"comment_status":"","ping_status":"","sticky":false,"template":"","format":"standard","meta":{"footnotes":""},"categories":[2816],"tags":[1111,11,1777,674,1011,27,1652,12,2680,8824,4020,25,2312],"class_list":{"0":"post-158213","1":"post","2":"type-post","3":"status-publish","4":"format-standard","5":"has-post-thumbnail","7":"category-toulouse","8":"tag-actu","9":"tag-actualites","10":"tag-eu","11":"tag-europe","12":"tag-fr","13":"tag-france","14":"tag-loisirs-culture","15":"tag-news","16":"tag-occitanie","17":"tag-parc-des-expositions-de-toulouse","18":"tag-religion","19":"tag-republique-francaise","20":"tag-toulouse"},"share_on_mastodon":{"url":"https:\/\/pubeurope.com\/@fr\/114641743676861521","error":""},"_links":{"self":[{"href":"https:\/\/www.europesays.com\/fr\/wp-json\/wp\/v2\/posts\/158213","targetHints":{"allow":["GET"]}}],"collection":[{"href":"https:\/\/www.europesays.com\/fr\/wp-json\/wp\/v2\/posts"}],"about":[{"href":"https:\/\/www.europesays.com\/fr\/wp-json\/wp\/v2\/types\/post"}],"author":[{"embeddable":true,"href":"https:\/\/www.europesays.com\/fr\/wp-json\/wp\/v2\/users\/2"}],"replies":[{"embeddable":true,"href":"https:\/\/www.europesays.com\/fr\/wp-json\/wp\/v2\/comments?post=158213"}],"version-history":[{"count":0,"href":"https:\/\/www.europesays.com\/fr\/wp-json\/wp\/v2\/posts\/158213\/revisions"}],"wp:featuredmedia":[{"embeddable":true,"href":"https:\/\/www.europesays.com\/fr\/wp-json\/wp\/v2\/media\/158214"}],"wp:attachment":[{"href":"https:\/\/www.europesays.com\/fr\/wp-json\/wp\/v2\/media?parent=158213"}],"wp:term":[{"taxonomy":"category","embeddable":true,"href":"https:\/\/www.europesays.com\/fr\/wp-json\/wp\/v2\/categories?post=158213"},{"taxonomy":"post_tag","embeddable":true,"href":"https:\/\/www.europesays.com\/fr\/wp-json\/wp\/v2\/tags?post=158213"}],"curies":[{"name":"wp","href":"https:\/\/api.w.org\/{rel}","templated":true}]}}