{"id":158215,"date":"2025-06-07T11:02:09","date_gmt":"2025-06-07T11:02:09","guid":{"rendered":"https:\/\/www.europesays.com\/fr\/158215\/"},"modified":"2025-06-07T11:02:09","modified_gmt":"2025-06-07T11:02:09","slug":"lille-que-se-passe-t-il-a-luniversite-catholique-une-fois-les-examens-finis-plongez-dans-les-coulisses","status":"publish","type":"post","link":"https:\/\/www.europesays.com\/fr\/158215\/","title":{"rendered":"Lille. Que se passe-t-il \u00e0 l&rsquo;Universit\u00e9 catholique une fois les examens finis ? Plongez dans les coulisses\u00a0!"},"content":{"rendered":"<p>            Par<br \/>\n        <strong><br \/>\n            <a href=\"https:\/\/actu.fr\/auteur\/redaction-lille\" title=\"Consulter tous les articles de R\u00e9daction Lille\" target=\"_blank\" rel=\"noopener\">R\u00e9daction Lille<\/a><br \/>\n        <\/strong><\/p>\n<p>        Publi\u00e9 le<\/p>\n<p>            7 juin 2025 \u00e0 11h40        <\/p>\n<p>Mi-mai, soulagement : les examens sont finis, pour certains <a href=\"https:\/\/actu.fr\/tag\/etudiantses\" target=\"_blank\" rel=\"noopener\">\u00e9tudiants<\/a> lillois. C\u2019est l\u2019heure de refaire les valises pour ces jeunes, qui laissent derri\u00e8re eux les bancs des amphith\u00e9\u00e2tres vides, les couloirs d\u00e9serts, et un silence presque assourdissant. <b>Quatre mois<\/b> durant, pr\u00e8s de <b>15 000 \u00e9tudiants<\/b> disparaissent du <b>boulevard Vauban<\/b>. Et pourtant, la Catho ne dort jamais. <b>Spectacles, programmes d\u2019\u00e9t\u00e9, pr\u00e9paration de la rentr\u00e9e, s\u00e9minaires<\/b>,\u2026 Plongez dans les <b>coulisses<\/b> de l\u2019<a href=\"https:\/\/actu.fr\/tag\/universite-catholique-de-lille\" target=\"_blank\" rel=\"noopener\">Universit\u00e9 Catholique de Lille<\/a> pendant la <b>saison estivale<\/b>.<\/p>\n<p>Les 150 ans en lumi\u00e8re : le campus cr\u00e9atif en pleine \u00e9bullition<\/p>\n<p class=\" wall-content\">\u00ab\u00a0Cette ann\u00e9e est une ann\u00e9e sp\u00e9ciale\u00a0\u00bb, confie Cl\u00e9ment Violini, directeur artistique du campus cr\u00e9atif. En cette ann\u00e9e 2025,<b> l\u2019universit\u00e9 c\u00e9l\u00e8bre ses 150 ans<\/b> avec un <a href=\"https:\/\/actu.fr\/hauts-de-france\/lille_59350\/a-lille-la-catho-fete-ses-150-ans-la-tete-dans-les-etoiles-et-les-pieds-sur-terre_62360841.html\" target=\"_blank\" rel=\"noopener\">programme \u00e0 la hauteur de l\u2019\u00e9v\u00e9nement<\/a>. Parmi les projets les plus ambitieux : un <b>grand spectacle<\/b> intitul\u00e9 \u00ab\u00a0150 ans en lumi\u00e8re\u00a0\u00bb, pr\u00e9vu d\u00e9but octobre. Il retracera la longue histoire de l\u2019\u00e9tablissement \u00e0 travers un spectacle immersif et vivant.<\/p>\n<p class=\" wall-content\">L\u2019essentiel de sa pr\u00e9paration se joue en ce moment m\u00eame. \u00ab\u00a080 % du travail est r\u00e9alis\u00e9 par des \u00e9tudiants\u00a0\u00bb, pr\u00e9cise Cl\u00e9ment. En stage, ils sont <b>neuf \u00e0 s\u2019activer cet \u00e9t\u00e9<\/b>, \u00e9paul\u00e9s par quatre alternants et cinq employ\u00e9s permanents. Un immense travail de logistique et de cr\u00e9ation, qui fait du campus un vrai th\u00e9\u00e2tre vivant.<\/p>\n<p class=\" wall-content\">Et ce n\u2019est pas tout, m\u00eame en \u00e9t\u00e9, les \u00e9tudiants peuvent continuer \u00e0 cr\u00e9er. <b>Studios de musique, salles de danse et d\u2019arts plastiques<\/b> restent ouverts, et certains en profitent plus que jamais : \u00ab\u00a0Ils sont encore plus nombreux en ce moment \u00e0 venir s\u2019exercer, parce qu\u2019ils n\u2019ont rien d\u2019autre \u00e0 faire\u00a0\u00bb.<\/p>\n<p class=\" wall-content\">C\u00f4t\u00e9 planning, \u00e7a bouge aussi. Des nouveaut\u00e9s vont s\u2019ajouter \u00e0 la <b>cinquantaine d\u2019ateliers artistiques hebdomadaires<\/b> existants : couture, upcycling, hip-hop girly, heels\u2026 et m\u00eame un format d\u2019ateliers flash, pour d\u00e9couvrir des pratiques originales comme les claquettes ou le rock acrobatique.<\/p>\n<p>Une ambiance internationale avec le European Summer Program<\/p>\n<p class=\" wall-content\">Du<b> <\/b>21 mai au 24 juillet, place au <b>European Summer Program<\/b>, qui f\u00eate sa 25\u00e8me \u00e9dition, deux sessions accueilleront plus de <b>300 \u00e9tudiants internationaux<\/b>. \u00ab\u00a0Le matin et l\u2019apr\u00e8s-midi, ils suivent des cours \u00e0 la carte, ils participent aussi \u00e0 des sorties culturelles\u00a0\u00bb, d\u00e9taille Lucie Vasseur-Lejamble, charg\u00e9e de projets acad\u00e9miques internationaux \u00e0 la direction des relations internationales.<\/p>\n<p class=\" wall-content\">Le <b>programme culturel est riche<\/b> : visites de Lille, Bruges, Bruxelles et Ypres, repas dans des restaurants locaux, mus\u00e9es\u2026 De quoi leur donner un vrai aper\u00e7u de la vie \u00e0 la fran\u00e7aise. Ces \u00e9tudiants sont log\u00e9s dans les r\u00e9sidences universitaires, d\u00e9sert\u00e9es pendant l\u2019\u00e9t\u00e9, et partagent leurs repas au restaurant universitaire. Un moyen intelligent d\u2019optimiser les ressources tout en faisant <b>rayonner le campus \u00e0 l\u2019international<\/b>.<\/p>\n<p>En coulisse, les fourmis s\u2019activent pour la rentr\u00e9e<\/p>\n<p class=\" wall-content\">Pendant que le campus s\u2019agite, l\u2019administration, elle, pr\u00e9pare la rentr\u00e9e et c\u2019est un v\u00e9ritable marathon. Avec les <b>r\u00e9sultats de <a href=\"https:\/\/actu.fr\/tag\/parcoursup\" target=\"_blank\" rel=\"noopener\">Parcoursup<\/a> et MonMaster<\/b> tomb\u00e9s d\u00e9but juin, c\u2019est l\u2019heure de finaliser les inscriptions, guider les jeunes, r\u00e9pondre \u00e0 leurs questions et apaiser leurs angoisses.<\/p>\n<p class=\" wall-content\">Audrey Macquart, \u00e0 l\u2019accueil de l\u2019universit\u00e9, raconte : \u00ab\u00a0En ce moment, <b>on r\u00e9pond beaucoup aux futurs \u00e9tudiants et \u00e0 leurs inqui\u00e9tudes<\/b>\u00ab\u00a0. Avec des visites priv\u00e9es du campus en plus, tout est mis en \u0153uvre pour les accueillir au mieux.<\/p>\n<p class=\" wall-content\">Et l\u2019on pense d\u00e9j\u00e0 \u00e0 demain : les d\u00e9parts en \u00e9change de janvier se pr\u00e9parent d\u00e8s maintenant, les \u00e9tudiants candidatent ce mois-ci. \u00ab\u00a0On travaille toujours avec un an d\u2019avance\u00a0\u00bb, pr\u00e9cise Oliwia Baran, directrice du d\u00e9veloppement et campus ESPOL.<\/p>\n<p>La r\u00e9flexion ne prend pas de vacances chez les chercheurs<\/p>\n<p class=\" wall-content\">C\u00f4t\u00e9 recherche, le programme du mois de juin est charg\u00e9. <a href=\"https:\/\/actu.fr\/hauts-de-france\/lille_59350\/lille-luniversite-catholique-est-aussi-un-lieu-culturel-pour-tous-la-preuve-avec-le-campus-creatif_62259317.html\" target=\"_blank\" rel=\"noopener\">S\u00e9minaires, colloques et conf\u00e9rences<\/a> s\u2019encha\u00eenent autour de grands th\u00e8mes comme l<b>a philosophie, la th\u00e9ologie, l\u2019environnement ou encore la transition \u00e9cologique<\/b>.<\/p>\n<p class=\" wall-content\">Parmi tout cela, un temps fort : la 4\u00e8me \u00e9dition de la <b>Journ\u00e9e de la recherche \u00ab\u00a0Open Lab\u00a0\u00bb<\/b>, le 12 juin. Elle r\u00e9unira <b>chercheurs, doctorants, et public curieux<\/b> afin de pr\u00e9senter, d\u2019\u00e9changer et de d\u00e9couvrir les <b>travaux de recherche men\u00e9s par la Catho<\/b>.<\/p>\n<p class=\" wall-content\">Vous l\u2019aurez compris, la Catho ne s\u2019arr\u00eate jamais. Seule v\u00e9ritable pause : <b>trois semaines en ao\u00fbt<\/b>, o\u00f9 le campus s\u2019offre un peu de r\u00e9pit. Juste le temps de respirer et de reprendre son souffle avant de voir revenir, d\u00e8s fin ao\u00fbt, ses \u00e9tudiants<b> <\/b>qui feront \u00e0 nouveau vibrer le boulevard Vauban.<\/p>\n<p class=\" wall-content\"><b>Margaux Salignat<\/b><\/p>\n<p class=\" wall-content\">Suivez toute l\u2019actualit\u00e9 de vos villes et m\u00e9dias favoris en vous inscrivant \u00e0 <a href=\"https:\/\/moncompte.actu.fr\" title=\"D\u00e9couvez Mon Actu\" rel=\"nofollow noopener\" data-trk=\"{&quot;cta&quot;:{&quot;action&quot;:&quot;https:\\\/\\\/moncompte.actu.fr&quot;,&quot;category&quot;:&quot;mon compte&quot;,&quot;from&quot;:&quot;article footer&quot;,&quot;name&quot;:&quot;Mon actu&quot;,&quot;type&quot;:&quot;cta&quot;}}\" target=\"_blank\">Mon Actu<\/a>.<\/p>\n","protected":false},"excerpt":{"rendered":"Par R\u00e9daction Lille Publi\u00e9 le 7 juin 2025 \u00e0 11h40 Mi-mai, soulagement : les examens sont finis, pour&hellip;\n","protected":false},"author":2,"featured_media":158216,"comment_status":"","ping_status":"","sticky":false,"template":"","format":"standard","meta":{"footnotes":""},"categories":[2815],"tags":[1111,11,1057,1064,1777,674,1011,27,811,1307,12,25,104,21754],"class_list":{"0":"post-158215","1":"post","2":"type-post","3":"status-publish","4":"format-standard","5":"has-post-thumbnail","7":"category-lille","8":"tag-actu","9":"tag-actualites","10":"tag-education","11":"tag-etudiantses","12":"tag-eu","13":"tag-europe","14":"tag-fr","15":"tag-france","16":"tag-hauts-de-france","17":"tag-lille","18":"tag-news","19":"tag-republique-francaise","20":"tag-societe","21":"tag-universite-catholique-de-lille"},"share_on_mastodon":{"url":"https:\/\/pubeurope.com\/@fr\/114641747588310037","error":""},"_links":{"self":[{"href":"https:\/\/www.europesays.com\/fr\/wp-json\/wp\/v2\/posts\/158215","targetHints":{"allow":["GET"]}}],"collection":[{"href":"https:\/\/www.europesays.com\/fr\/wp-json\/wp\/v2\/posts"}],"about":[{"href":"https:\/\/www.europesays.com\/fr\/wp-json\/wp\/v2\/types\/post"}],"author":[{"embeddable":true,"href":"https:\/\/www.europesays.com\/fr\/wp-json\/wp\/v2\/users\/2"}],"replies":[{"embeddable":true,"href":"https:\/\/www.europesays.com\/fr\/wp-json\/wp\/v2\/comments?post=158215"}],"version-history":[{"count":0,"href":"https:\/\/www.europesays.com\/fr\/wp-json\/wp\/v2\/posts\/158215\/revisions"}],"wp:featuredmedia":[{"embeddable":true,"href":"https:\/\/www.europesays.com\/fr\/wp-json\/wp\/v2\/media\/158216"}],"wp:attachment":[{"href":"https:\/\/www.europesays.com\/fr\/wp-json\/wp\/v2\/media?parent=158215"}],"wp:term":[{"taxonomy":"category","embeddable":true,"href":"https:\/\/www.europesays.com\/fr\/wp-json\/wp\/v2\/categories?post=158215"},{"taxonomy":"post_tag","embeddable":true,"href":"https:\/\/www.europesays.com\/fr\/wp-json\/wp\/v2\/tags?post=158215"}],"curies":[{"name":"wp","href":"https:\/\/api.w.org\/{rel}","templated":true}]}}