{"id":158217,"date":"2025-06-07T11:03:13","date_gmt":"2025-06-07T11:03:13","guid":{"rendered":"https:\/\/www.europesays.com\/fr\/158217\/"},"modified":"2025-06-07T11:03:13","modified_gmt":"2025-06-07T11:03:13","slug":"refugee-food-festival-2025-evenements","status":"publish","type":"post","link":"https:\/\/www.europesays.com\/fr\/158217\/","title":{"rendered":"Refugee Food Festival 2025 \/ \u00c9v\u00e9nements"},"content":{"rendered":"<p>\n                                                                        Du 17<br \/>au 22 juin 2025\n                                        <\/p>\n<p class=\"subtitle\">\u00e0 <strong><br \/>\nEv\u00e9nement se d\u00e9roulant dans diff\u00e9rents lieux de la m\u00e9tropole de Lille<\/strong><\/p>\n<p>La 9\u00e8me \u00e9dition lilloise du Refugee Food Festival se d\u00e9roule du 17 au 22 juin. Des menus in\u00e9dits, fruits de la collaboration entre cuisiniers r\u00e9fugi\u00e9s et restaurateurs locaux seront propos\u00e9s au public<\/p>\n<p>            <img loading=\"lazy\" decoding=\"async\" src=\"\/var\/www\/storage\/images\/mediatheque\/mairie-de-lille\/images-openagenda\/refugee-food-festival-2025\/3780365-1-fre-FR\/Refugee-Food-Festival-2025_news_image_top.jpg\" width=\"522\" height=\"582\" alt=\"Refugee Food Festival 2025\"\/><\/p>\n<p>\nLe Refugee Food Festival fait son grand retour \u00e0 Lille du 17 au 22 juin 2025 ! Pour la 9e \u00e9dition lilloise, des \u00e9tablissements s\u2019engagent et partageront leurs fourneaux avec des cuisinier\u00b7es r\u00e9fugi\u00e9\u00b7es pour des collaborations in\u00e9dites et savoureuses.<br \/>Le Refugee Food Festival prend vie du dialogue entre chef\u00b7fe\u00b7s ou artisan\u00b7ne\u00b7s de m\u00e9tiers de bouche et cuisinier\u00b7e\u00b7s r\u00e9fugi\u00e9\u00b7e\u00b7s, amateur\u00b7ice\u00b7s ou confirm\u00e9\u00b7e\u00b7s. Le fruit de ces collaborations est un menu in\u00e9dit m\u00ealant matrimoines et patrimoines culinaires du monde entier. Du restaurant de quartier \u00e0 l&rsquo;\u00e9toil\u00e9, en passant par la boulangerie ou la cantine d\u2019un CROUS, les \u00e9tablissements locaux ouvrent grand leurs portes, convaincus comme nous que la cuisine est un puissant levier de partage et d&rsquo;insertion sociale et professionnelle.<br \/>La table agit comme un catalyseur des talents, des tr\u00e9sors culturels et culinaires qui font la beaut\u00e9 et la richesse de notre soci\u00e9t\u00e9 (et de nos assiettes). Au-del\u00e0 d\u2019\u00eatre un besoin vital, la cuisine r\u00e9pond \u00e0 des besoins sociaux (la commensalit\u00e9, les liens relationnels tiss\u00e9s via les repas) mais aussi culturels : par elle s\u2019exprime notre culture, nos traditions, notre identit\u00e9, notre h\u00e9ritage.<br \/>Cette ann\u00e9e retrouvez les restaurants suivants dans la programmation : le Caf\u00e9 Citoyen, le CROUS de Villeneuve d&rsquo;Ascq, le Caf\u00e9 Augustin, Hopen Source, l&rsquo;atelier du Ceriser et la Cuisine Commune \u00e0 Fives !<br \/>Une programmation sp\u00e9ciale ouverte \u00e0 toutes et tous est pr\u00e9vue le dimanche 22 juin en cl\u00f4ture du festival \u00e0 Chaud Bouillon.<br \/>Retrouvez toute la programmation ici : <a href=\"https:\/\/festival.refugee-food.org\/lille\" target=\"_self\" class=\"lien_interne\" rel=\"nofollow noopener\">https:\/\/festival.refugee-food.org\/lille<\/a><\/p>\n<p>        \t\t                            Infos pratiques<\/p>\n<p>                    Lieu<\/p>\n<p>\nEv\u00e9nement se d\u00e9roulant dans diff\u00e9rents lieux de la m\u00e9tropole de Lille<\/p>\n<p>                    Adresse<\/p>\n<p>Lille<\/p>\n<p>                                                            Voir le plan<\/p>\n<p>\n                    PublicsDe  \u00e0  ans<\/p>\n<p>                            Horaires<\/p>\n<p class=\"textAlone\">Le 17\/06\/2025 de 00:00 \u00e0 23:59<br \/>Le 18\/06\/2025 de 00:00 \u00e0 23:59<br \/>Le 19\/06\/2025 de 00:00 \u00e0 23:59<br \/>Le 20\/06\/2025 de 00:00 \u00e0 23:59<br \/>Le 21\/06\/2025 de 00:00 \u00e0 23:59<br \/>Le 22\/06\/2025 de 00:00 \u00e0 23:59<\/p>\n<p>                        Tarifs<\/p>\n<p>Retrouvez les d\u00e9tails des tarifs en cliquant ici : [https:\/\/festival.refugee-food.org\/lille](https:\/\/festival.refugee-food.org\/lille)<\/p>\n","protected":false},"excerpt":{"rendered":"Du 17au 22 juin 2025 \u00e0 Ev\u00e9nement se d\u00e9roulant dans diff\u00e9rents lieux de la m\u00e9tropole de Lille La&hellip;\n","protected":false},"author":2,"featured_media":158218,"comment_status":"","ping_status":"","sticky":false,"template":"","format":"standard","meta":{"footnotes":""},"categories":[2815],"tags":[1111,11,4763,1777,674,1011,27,811,1307,5415,12,25],"class_list":{"0":"post-158217","1":"post","2":"type-post","3":"status-publish","4":"format-standard","5":"has-post-thumbnail","7":"category-lille","8":"tag-actu","9":"tag-actualites","10":"tag-agenda","11":"tag-eu","12":"tag-europe","13":"tag-fr","14":"tag-france","15":"tag-hauts-de-france","16":"tag-lille","17":"tag-mairie","18":"tag-news","19":"tag-republique-francaise"},"share_on_mastodon":{"url":"https:\/\/pubeurope.com\/@fr\/114641751523025839","error":""},"_links":{"self":[{"href":"https:\/\/www.europesays.com\/fr\/wp-json\/wp\/v2\/posts\/158217","targetHints":{"allow":["GET"]}}],"collection":[{"href":"https:\/\/www.europesays.com\/fr\/wp-json\/wp\/v2\/posts"}],"about":[{"href":"https:\/\/www.europesays.com\/fr\/wp-json\/wp\/v2\/types\/post"}],"author":[{"embeddable":true,"href":"https:\/\/www.europesays.com\/fr\/wp-json\/wp\/v2\/users\/2"}],"replies":[{"embeddable":true,"href":"https:\/\/www.europesays.com\/fr\/wp-json\/wp\/v2\/comments?post=158217"}],"version-history":[{"count":0,"href":"https:\/\/www.europesays.com\/fr\/wp-json\/wp\/v2\/posts\/158217\/revisions"}],"wp:featuredmedia":[{"embeddable":true,"href":"https:\/\/www.europesays.com\/fr\/wp-json\/wp\/v2\/media\/158218"}],"wp:attachment":[{"href":"https:\/\/www.europesays.com\/fr\/wp-json\/wp\/v2\/media?parent=158217"}],"wp:term":[{"taxonomy":"category","embeddable":true,"href":"https:\/\/www.europesays.com\/fr\/wp-json\/wp\/v2\/categories?post=158217"},{"taxonomy":"post_tag","embeddable":true,"href":"https:\/\/www.europesays.com\/fr\/wp-json\/wp\/v2\/tags?post=158217"}],"curies":[{"name":"wp","href":"https:\/\/api.w.org\/{rel}","templated":true}]}}