{"id":158223,"date":"2025-06-07T11:06:22","date_gmt":"2025-06-07T11:06:22","guid":{"rendered":"https:\/\/www.europesays.com\/fr\/158223\/"},"modified":"2025-06-07T11:06:22","modified_gmt":"2025-06-07T11:06:22","slug":"trois-etablissements-fermes-en-urgence-pour-des-risques-dintoxication-des-clients","status":"publish","type":"post","link":"https:\/\/www.europesays.com\/fr\/158223\/","title":{"rendered":"trois \u00e9tablissements ferm\u00e9s en urgence pour des risques d&rsquo;intoxication des clients"},"content":{"rendered":"<p>V\u00e9nissieux, Villeurbanne, Saint-Fons : trois \u00e9tablissements ferm\u00e9s en urgence pour des risques d&rsquo;intoxication des clients &#8211; DR<\/p>\n<p itemprop=\"description\"><strong>La pr\u00e9fecture du Rh\u00f4ne fait d\u00e9sormais des tirs group\u00e9s.<\/strong><\/p>\n<p>Car ce ne sont pas moins de trois \u00e9tablissements de l&rsquo;agglom\u00e9ration lyonnaise qui ont \u00e9t\u00e9 ferm\u00e9s administrativement en urgence suite \u00e0 des contr\u00f4les des services de l&rsquo;Etat.<\/p>\n<p>Ainsi, pour des manquements graves aux minima des r\u00e8gles d\u2019hygi\u00e8ne et de s\u00e9curit\u00e9 alimentaire, l&rsquo;\u00e9picerie de produits afro-indiens Siva Market de Villeurbanne a \u00e9t\u00e9 ferm\u00e9. Tout comme le restaurant Adikto Poulet de Saint-Fons et le snack Ginn&rsquo;s Caf\u00e9 de V\u00e9nissieux.<\/p>\n<p>\u00ab\u00a0Du fait de ces manquements, la poursuite de l\u2019activit\u00e9, dans les conditions constat\u00e9es, constitue une menace pour la sant\u00e9 des consommateurs en raison de la probabilit\u00e9 importante de contaminations et des risques d\u2019intoxication qui en r\u00e9sultent\u00a0\u00bb, pr\u00e9cise la pr\u00e9fecture du Rh\u00f4ne.<\/p>\n<p>Une liste de mesures correctives a \u00e9t\u00e9 adress\u00e9e aux g\u00e9rants des \u00e9tablissements ferm\u00e9s. La r\u00e9ouverture ne pourra se faire qu&rsquo;une fois les changements effectu\u00e9s et une nouvelle visite des inspecteurs sollicit\u00e9e.<\/p>\n","protected":false},"excerpt":{"rendered":"V\u00e9nissieux, Villeurbanne, Saint-Fons : trois \u00e9tablissements ferm\u00e9s en urgence pour des risques d&rsquo;intoxication des clients &#8211; DR La&hellip;\n","protected":false},"author":2,"featured_media":158224,"comment_status":"","ping_status":"","sticky":false,"template":"","format":"standard","meta":{"footnotes":""},"categories":[1889],"tags":[1111,11,2813,2190,2430,1109,251,1112,2811,1777,674,118,1011,27,1922,1110,1114,2428,2810,12,241,316,25,2812,517,800],"class_list":{"0":"post-158223","1":"post","2":"type-post","3":"status-publish","4":"format-standard","5":"has-post-thumbnail","7":"category-lyon","8":"tag-actu","9":"tag-actualites","10":"tag-article","11":"tag-asvel","12":"tag-auvergne-rhone-alpes","13":"tag-breves","14":"tag-culture","15":"tag-depeches","16":"tag-economique","17":"tag-eu","18":"tag-europe","19":"tag-faits-divers","20":"tag-fr","21":"tag-france","22":"tag-info","23":"tag-informations","24":"tag-infos","25":"tag-lyon","26":"tag-lyonmag","27":"tag-news","28":"tag-ol","29":"tag-politique","30":"tag-republique-francaise","31":"tag-sociale","32":"tag-sport","33":"tag-transports"},"share_on_mastodon":{"url":"https:\/\/pubeurope.com\/@fr\/114641763402925709","error":""},"_links":{"self":[{"href":"https:\/\/www.europesays.com\/fr\/wp-json\/wp\/v2\/posts\/158223","targetHints":{"allow":["GET"]}}],"collection":[{"href":"https:\/\/www.europesays.com\/fr\/wp-json\/wp\/v2\/posts"}],"about":[{"href":"https:\/\/www.europesays.com\/fr\/wp-json\/wp\/v2\/types\/post"}],"author":[{"embeddable":true,"href":"https:\/\/www.europesays.com\/fr\/wp-json\/wp\/v2\/users\/2"}],"replies":[{"embeddable":true,"href":"https:\/\/www.europesays.com\/fr\/wp-json\/wp\/v2\/comments?post=158223"}],"version-history":[{"count":0,"href":"https:\/\/www.europesays.com\/fr\/wp-json\/wp\/v2\/posts\/158223\/revisions"}],"wp:featuredmedia":[{"embeddable":true,"href":"https:\/\/www.europesays.com\/fr\/wp-json\/wp\/v2\/media\/158224"}],"wp:attachment":[{"href":"https:\/\/www.europesays.com\/fr\/wp-json\/wp\/v2\/media?parent=158223"}],"wp:term":[{"taxonomy":"category","embeddable":true,"href":"https:\/\/www.europesays.com\/fr\/wp-json\/wp\/v2\/categories?post=158223"},{"taxonomy":"post_tag","embeddable":true,"href":"https:\/\/www.europesays.com\/fr\/wp-json\/wp\/v2\/tags?post=158223"}],"curies":[{"name":"wp","href":"https:\/\/api.w.org\/{rel}","templated":true}]}}