{"id":158227,"date":"2025-06-07T11:08:09","date_gmt":"2025-06-07T11:08:09","guid":{"rendered":"https:\/\/www.europesays.com\/fr\/158227\/"},"modified":"2025-06-07T11:08:09","modified_gmt":"2025-06-07T11:08:09","slug":"week-end-des-7-et-8-juin-six-idees-de-sorties-en-ile-de-france-et-dans-loise","status":"publish","type":"post","link":"https:\/\/www.europesays.com\/fr\/158227\/","title":{"rendered":"Week-end des 7 et 8\u00a0juin\u00a0: six id\u00e9es de sorties en \u00cele-de-France et dans l\u2019Oise"},"content":{"rendered":"<p class=\"paragraph text_align_left\">Ce grand rendez-vous festif ambiance la ville pendant trois jours. Il y a aura des parades, <a href=\"https:\/\/www.leparisien.fr\/culture-loisirs\/sortir-region-parisienne\/sortir-dans-le-92-les-arts-de-la-rue-vont-secouer-nanterre-04-06-2019-8086002.php\" target=\"_blank\" rel=\"noreferrer nofollow noopener\">un festival des arts de la rue<\/a> 100 % gratuit, 39 compagnies, pour 130 repr\u00e9sentations de marionnettes, arts visuels, danse, cirque, musique. Sans oublier un parcours street art, du cirque dimanche \u00e0 15h45 avec des perches de saut, la marionnette Gina dans sa cuisine italienne au cin\u00e9ma les Lumi\u00e8res \u00e0 17h15.<\/p>\n<p class=\"paragraph text_align_left\">Les Batteurs de pav\u00e9s revisiteront \u00ab les Mis\u00e9rables \u00bb \u00e0 14h30 cour des Lilas et \u00e0 19h45 rue du Grand-Champ, et La Bossue racontera sa vie dans un ch\u00e2teau miniature au parc de la Boule \u00e0 15 heures et 17h30.<\/p>\n","protected":false},"excerpt":{"rendered":"Ce grand rendez-vous festif ambiance la ville pendant trois jours. Il y a aura des parades, un festival&hellip;\n","protected":false},"author":2,"featured_media":158228,"comment_status":"","ping_status":"","sticky":false,"template":"","format":"standard","meta":{"footnotes":""},"categories":[1592],"tags":[1111,11,872,1777,674,1011,27,662,12,626,25,6047],"class_list":{"0":"post-158227","1":"post","2":"type-post","3":"status-publish","4":"format-standard","5":"has-post-thumbnail","7":"category-ile-de-france","8":"tag-actu","9":"tag-actualites","10":"tag-culture-et-loisirs","11":"tag-eu","12":"tag-europe","13":"tag-fr","14":"tag-france","15":"tag-ile-de-france","16":"tag-news","17":"tag-paris","18":"tag-republique-francaise","19":"tag-sortir-en-region-parisienne"},"share_on_mastodon":{"url":"https:\/\/pubeurope.com\/@fr\/114641771170187319","error":""},"_links":{"self":[{"href":"https:\/\/www.europesays.com\/fr\/wp-json\/wp\/v2\/posts\/158227","targetHints":{"allow":["GET"]}}],"collection":[{"href":"https:\/\/www.europesays.com\/fr\/wp-json\/wp\/v2\/posts"}],"about":[{"href":"https:\/\/www.europesays.com\/fr\/wp-json\/wp\/v2\/types\/post"}],"author":[{"embeddable":true,"href":"https:\/\/www.europesays.com\/fr\/wp-json\/wp\/v2\/users\/2"}],"replies":[{"embeddable":true,"href":"https:\/\/www.europesays.com\/fr\/wp-json\/wp\/v2\/comments?post=158227"}],"version-history":[{"count":0,"href":"https:\/\/www.europesays.com\/fr\/wp-json\/wp\/v2\/posts\/158227\/revisions"}],"wp:featuredmedia":[{"embeddable":true,"href":"https:\/\/www.europesays.com\/fr\/wp-json\/wp\/v2\/media\/158228"}],"wp:attachment":[{"href":"https:\/\/www.europesays.com\/fr\/wp-json\/wp\/v2\/media?parent=158227"}],"wp:term":[{"taxonomy":"category","embeddable":true,"href":"https:\/\/www.europesays.com\/fr\/wp-json\/wp\/v2\/categories?post=158227"},{"taxonomy":"post_tag","embeddable":true,"href":"https:\/\/www.europesays.com\/fr\/wp-json\/wp\/v2\/tags?post=158227"}],"curies":[{"name":"wp","href":"https:\/\/api.w.org\/{rel}","templated":true}]}}