{"id":158251,"date":"2025-06-07T11:20:15","date_gmt":"2025-06-07T11:20:15","guid":{"rendered":"https:\/\/www.europesays.com\/fr\/158251\/"},"modified":"2025-06-07T11:20:15","modified_gmt":"2025-06-07T11:20:15","slug":"musique-et-chars-fleuris-pour-le-carnaval-du-champ-de-mars-ce-week-end-a-eu","status":"publish","type":"post","link":"https:\/\/www.europesays.com\/fr\/158251\/","title":{"rendered":"Musique et chars fleuris pour le carnaval du Champ de Mars ce week-end \u00e0 Eu"},"content":{"rendered":"<p>            Par<br \/>\n        <strong><br \/>\n            <a href=\"https:\/\/actu.fr\/auteur\/jerome-buresi\" title=\"Consulter tous les articles de J\u00e9r\u00f4me Buresi\" target=\"_blank\" rel=\"noopener\">J\u00e9r\u00f4me Buresi<\/a><br \/>\n        <\/strong><\/p>\n<p>        Publi\u00e9 le<\/p>\n<p>            7 juin 2025 \u00e0 8h30        <\/p>\n<p>Les b\u00e9n\u00e9voles du comit\u00e9 des f\u00eates du Champ de Mars, \u00ab les Carnaval\u2019Eu \u00bb, comme ils s\u2019appellent, pr\u00e9parent depuis plusieurs mois une nouvelle \u00e9dition de leur <b>carnaval<\/b>, les 7 et 8 juin 2025, \u00e0 <a href=\"https:\/\/actu.fr\/normandie\/eu_76255\" target=\"_blank\" rel=\"noopener\">Eu<\/a>, en <b>Seine-Maritime.\u00a0<\/b><\/p>\n<p class=\" wall-content\">Celui-ci a lieu traditionnellement le week-end de la <b>Pentec\u00f4te<\/b>. Ils ont ainsi r\u00e9alis\u00e9 <b>neuf chars fleuris<\/b>, pour le plus grand plaisir des spectateurs\u2026 mais le secret est pour l\u2019instant bien gard\u00e9 concernant les th\u00e8mes choisis.<\/p>\n<p>    <a href=\"https:\/\/www.facebook.com\/plugins\/post.php?href=https%3A%2F%2Fwww.facebook.com%2Fpermalink.php%3Fstory_fbid%3Dpfbid02ehPdsfmgdpFzqtYC7oySPBGKA7rmNFDUqA7A9L7aJ4QnQYo4CCFX7wQtCnqgNril%26id%3D100009308630836&amp;show_text=true&amp;width=350\" title=\"Ouvrie le lien\" target=\"_blank\" rel=\"noopener\">Cliquez ici pour visualiser le contenu<\/a><\/p>\n<p>Le costume le plus original<\/p>\n<p class=\" wall-content\">Le programme est susceptible d\u2019\u00eatre modifi\u00e9, <b>selon les conditions m\u00e9t\u00e9orologiques<\/b>.\u00a0<\/p>\n<p class=\" wall-content\">Pour mettre en app\u00e9tit, un \u00ab pr\u00e9-corso \u00bb sera propos\u00e9 le samedi 7\u00a0juin \u00e0 15 h 30.<\/p>\n<p class=\" wall-content\">Un char et deux soci\u00e9t\u00e9s de musique prendront le d\u00e9part de la place de la Mouillette pour un d\u00e9fil\u00e9 dans les rues du centre-ville.<\/p>\n<p>Vid\u00e9os : en ce moment sur Actu<\/p>\n<p class=\" wall-content\">Le dimanche 8\u00a0juin, ce sera le grand d\u00e9fil\u00e9 dans les rues de la ville, avec neuf chars et six soci\u00e9t\u00e9s de musique. Le d\u00e9part est pr\u00e9vu au quartier Morris, \u00e0 14 h 30.<\/p>\n<p class=\" wall-content\">C\u2019est une nouveaut\u00e9 : les Carnaval\u2019Eu lancent un jeu-concours \u00e0 l\u2019occasion du carnaval. Il s\u2019agit de rev\u00eatir son plus beau et plus original costume, et de d\u00e9filer pendant le carnaval. Il faudra amuser le public pour r\u00e9colter un maximum de bons. Celui qui en obtiendra le plus sera d\u00e9sign\u00e9 vainqueur.<\/p>\n<p class=\" wall-content\">Trois prix seront remis, mais un lot sera offert \u00e0 tous les participants.<\/p>\n<p class=\" wall-content\">Des attractions foraines sont actuellement install\u00e9es sur la place du Champ de Amrs..\u00a0<\/p>\n<p>Renseignements sur la page Facebook : <a href=\"https:\/\/www.facebook.com\/profile.php?id=100009308630836\" target=\"_blank\" rel=\"noopener\">Lecomit\u00e9desfetes Duchampdemars\u00a0<\/a><\/p>\n<p class=\" wall-content\">Suivez toute l\u2019actualit\u00e9 de vos villes et m\u00e9dias favoris en vous inscrivant \u00e0 <a href=\"https:\/\/moncompte.actu.fr\" title=\"D\u00e9couvez Mon Actu\" rel=\"nofollow noopener\" data-trk=\"{&quot;cta&quot;:{&quot;action&quot;:&quot;https:\\\/\\\/moncompte.actu.fr&quot;,&quot;category&quot;:&quot;mon compte&quot;,&quot;from&quot;:&quot;article footer&quot;,&quot;name&quot;:&quot;Mon actu&quot;,&quot;type&quot;:&quot;cta&quot;}}\" target=\"_blank\">Mon Actu<\/a>.<\/p>\n<ul class=\"ac-article-tag wall-content\">\n<li><a href=\"https:\/\/actu.fr\/tag\/animations\" data-trk=\"{&quot;cta&quot;:{&quot;action&quot;:&quot;Animations&quot;,&quot;category&quot;:&quot;tag&quot;,&quot;from&quot;:&quot;article footer&quot;,&quot;name&quot;:&quot;Animations&quot;,&quot;type&quot;:&quot;cta&quot;}}\" target=\"_blank\" rel=\"noopener\">#Animations<\/a><\/li>\n<li><a href=\"https:\/\/actu.fr\/tag\/villes-soeurs\" data-trk=\"{&quot;cta&quot;:{&quot;action&quot;:&quot;Villes Soeurs&quot;,&quot;category&quot;:&quot;tag&quot;,&quot;from&quot;:&quot;article footer&quot;,&quot;name&quot;:&quot;Villes Soeurs&quot;,&quot;type&quot;:&quot;cta&quot;}}\" target=\"_blank\" rel=\"noopener\">#Villes Soeurs<\/a><\/li>\n<\/ul>\n","protected":false},"excerpt":{"rendered":"Par J\u00e9r\u00f4me Buresi Publi\u00e9 le 7 juin 2025 \u00e0 8h30 Les b\u00e9n\u00e9voles du comit\u00e9 des f\u00eates du Champ&hellip;\n","protected":false},"author":2,"featured_media":158252,"comment_status":"","ping_status":"","sticky":false,"template":"","format":"standard","meta":{"footnotes":""},"categories":[1586],"tags":[11,1063,1777,674,1779,1011,27,12,25,104,1778,364,3587],"class_list":{"0":"post-158251","1":"post","2":"type-post","3":"status-publish","4":"format-standard","5":"has-post-thumbnail","7":"category-europe","8":"tag-actualites","9":"tag-animations","10":"tag-eu","11":"tag-europe","12":"tag-european-union","13":"tag-fr","14":"tag-france","15":"tag-news","16":"tag-republique-francaise","17":"tag-societe","18":"tag-ue","19":"tag-union-europeenne","20":"tag-villes-soeurs"},"share_on_mastodon":{"url":"https:\/\/pubeurope.com\/@fr\/114641818421091761","error":""},"_links":{"self":[{"href":"https:\/\/www.europesays.com\/fr\/wp-json\/wp\/v2\/posts\/158251","targetHints":{"allow":["GET"]}}],"collection":[{"href":"https:\/\/www.europesays.com\/fr\/wp-json\/wp\/v2\/posts"}],"about":[{"href":"https:\/\/www.europesays.com\/fr\/wp-json\/wp\/v2\/types\/post"}],"author":[{"embeddable":true,"href":"https:\/\/www.europesays.com\/fr\/wp-json\/wp\/v2\/users\/2"}],"replies":[{"embeddable":true,"href":"https:\/\/www.europesays.com\/fr\/wp-json\/wp\/v2\/comments?post=158251"}],"version-history":[{"count":0,"href":"https:\/\/www.europesays.com\/fr\/wp-json\/wp\/v2\/posts\/158251\/revisions"}],"wp:featuredmedia":[{"embeddable":true,"href":"https:\/\/www.europesays.com\/fr\/wp-json\/wp\/v2\/media\/158252"}],"wp:attachment":[{"href":"https:\/\/www.europesays.com\/fr\/wp-json\/wp\/v2\/media?parent=158251"}],"wp:term":[{"taxonomy":"category","embeddable":true,"href":"https:\/\/www.europesays.com\/fr\/wp-json\/wp\/v2\/categories?post=158251"},{"taxonomy":"post_tag","embeddable":true,"href":"https:\/\/www.europesays.com\/fr\/wp-json\/wp\/v2\/tags?post=158251"}],"curies":[{"name":"wp","href":"https:\/\/api.w.org\/{rel}","templated":true}]}}