{"id":158260,"date":"2025-06-07T11:25:11","date_gmt":"2025-06-07T11:25:11","guid":{"rendered":"https:\/\/www.europesays.com\/fr\/158260\/"},"modified":"2025-06-07T11:25:11","modified_gmt":"2025-06-07T11:25:11","slug":"volleyball-des-suissesses-inebranlables-donnent-la-lecon-a-lislande","status":"publish","type":"post","link":"https:\/\/www.europesays.com\/fr\/158260\/","title":{"rendered":"Volleyball: Des Suissesses in\u00e9branlables donnent la le\u00e7on \u00e0 l\u2019Islande"},"content":{"rendered":"<p class=\"a-paragraph a-paragraph--lead\" data-t-name=\"Paragraph\">Les Suissesses ont remport\u00e9 sans discussion leur match amical contre l&rsquo;Islande 3-0 (25-10 25-14 25-16) \u00e0 Sch\u00f6nenwerd.<\/p>\n<p>  <img decoding=\"async\" class=\"m-image-and-caption__image lazyload\" alt=\"Lauren Bertolacci fait du bon travail avec ses joueuses\" src=\"https:\/\/www.europesays.com\/fr\/wp-content\/uploads\/2025\/06\/6a1581d4-faeb-4a51-a391-910a3fadaa9e.jpeg\"  data-\/><\/p>\n<p>      Lauren Bertolacci fait du bon travail avec ses joueuses<\/p>\n<p>        KEYSTONE\n      <\/p>\n<p class=\"a-paragraph\" data-t-name=\"Paragraph\">L&rsquo;\u00e9quipe de l&rsquo;entra\u00eeneure Lauren Bertolacci a remport\u00e9 sa troisi\u00e8me victoire cons\u00e9cutive dans le cadre de l&rsquo;European Silver League.<\/p>\n<p class=\"a-paragraph\" data-t-name=\"Paragraph\">Cette comp\u00e9tition sert de pr\u00e9paration \u00e0 la deuxi\u00e8me partie des qualifications pour le championnat d&rsquo;Europe. Dimanche, les Suissesses d\u00e9fieront Isra\u00ebl \u00e0 Sch\u00f6nenwerd.<\/p>\n","protected":false},"excerpt":{"rendered":"Les Suissesses ont remport\u00e9 sans discussion leur match amical contre l&rsquo;Islande 3-0 (25-10 25-14 25-16) \u00e0 Sch\u00f6nenwerd. Lauren&hellip;\n","protected":false},"author":2,"featured_media":158261,"comment_status":"","ping_status":"","sticky":false,"template":"","format":"standard","meta":{"footnotes":""},"categories":[1417],"tags":[1011,27,60,1470,1469],"class_list":{"0":"post-158260","1":"post","2":"type-post","3":"status-publish","4":"format-standard","5":"has-post-thumbnail","7":"category-volley","8":"tag-fr","9":"tag-france","10":"tag-sports","11":"tag-volley","12":"tag-volleyball"},"share_on_mastodon":{"url":"https:\/\/pubeurope.com\/@fr\/114641838064993458","error":""},"_links":{"self":[{"href":"https:\/\/www.europesays.com\/fr\/wp-json\/wp\/v2\/posts\/158260","targetHints":{"allow":["GET"]}}],"collection":[{"href":"https:\/\/www.europesays.com\/fr\/wp-json\/wp\/v2\/posts"}],"about":[{"href":"https:\/\/www.europesays.com\/fr\/wp-json\/wp\/v2\/types\/post"}],"author":[{"embeddable":true,"href":"https:\/\/www.europesays.com\/fr\/wp-json\/wp\/v2\/users\/2"}],"replies":[{"embeddable":true,"href":"https:\/\/www.europesays.com\/fr\/wp-json\/wp\/v2\/comments?post=158260"}],"version-history":[{"count":0,"href":"https:\/\/www.europesays.com\/fr\/wp-json\/wp\/v2\/posts\/158260\/revisions"}],"wp:featuredmedia":[{"embeddable":true,"href":"https:\/\/www.europesays.com\/fr\/wp-json\/wp\/v2\/media\/158261"}],"wp:attachment":[{"href":"https:\/\/www.europesays.com\/fr\/wp-json\/wp\/v2\/media?parent=158260"}],"wp:term":[{"taxonomy":"category","embeddable":true,"href":"https:\/\/www.europesays.com\/fr\/wp-json\/wp\/v2\/categories?post=158260"},{"taxonomy":"post_tag","embeddable":true,"href":"https:\/\/www.europesays.com\/fr\/wp-json\/wp\/v2\/tags?post=158260"}],"curies":[{"name":"wp","href":"https:\/\/api.w.org\/{rel}","templated":true}]}}